{"id":99263,"date":"2025-06-03T12:09:00","date_gmt":"2025-06-03T10:09:00","guid":{"rendered":"https:\/\/gimnasticdetarragona.cat\/finalitza-laliga-genuine-moeve-24-25\/"},"modified":"2025-06-03T12:14:23","modified_gmt":"2025-06-03T10:14:23","slug":"finalitza-laliga-genuine-moeve-24-25","status":"publish","type":"post","link":"https:\/\/gimnasticdetarragona.cat\/es\/finalitza-laliga-genuine-moeve-24-25\/","title":{"rendered":"Finaliza LALIGA GENUINE Moeve 24\/25"},"content":{"rendered":"\n<p>El N\u00e0stic Genuine disput\u00f3 este fin de semana la cuarta y \u00faltima fase de LALIGA GENUINE Moeve 24\/25. Los 47 equipos que han competido y compartido en la presente edici\u00f3n disputaron un total de 68 partidos durante el fin de semana en las instalaciones deportivas de Lezama.<\/p>\n\n\n\n<p>El conjunto grana se impuso por 4-0 en el Racing Club de Ferrol y 3-1 en el Real Zaragoza, mientras que se vio superado por el Granada CF (0-2) en el segundo partido del fin de semana.<\/p>\n\n\n\n<p>Los grana, tal y como ha sucedido durante todas las fases de la temporada, compitieron hasta el final para conseguir el segundo t\u00edtulo del <em>fair play<\/em>. En esta ocasi\u00f3n, un solo punto no ha permitido sumar los 400 puntos que le habr\u00edan situado entre los mejores de la temporada. Deportivamente el conjunto dirigido por Rafel Magriny\u00e0 ha puesto el punto y final a la temporada con un balance de 4 victorias, 2 empates y 4 derrotas en los 10 partidos jugados durante la temporada 2024-2025, clasific\u00e1ndose en la 10\u00aa posici\u00f3n de los 23 equipos del grupo <em>Compa\u00f1erismo<\/em>.<\/p>\n\n\n\n<p>Finalizados los partidos del fin de semana, se hizo entrega de las medallas a todos los participantes y el reconocimiento a los respectivos campeones de las clasificaciones deportivas y del<em> fair play<\/em>. Representantes de LaLiga, Fundaci\u00f3n LaLiga y autoridades y miembros del Athletic Club felicitaron a los futbolistas participantes en el \u00faltimo encuentro de LALIGA GENUINE Moeve 2024-2025.<\/p>\n\n\n\n<p>El N\u00e0stic Genuine cuenta con el apoyo de BASF, Diputaci\u00f3n de Tarragona, Sorigu\u00e9, Port de Tarragona y Ajuntament de Tarragona.<\/p>\n\n\n\n<p><\/p>\n","protected":false},"excerpt":{"rendered":"<p>La competici\u00f3n cierra una gran temporada con los 47 equipos participantes<\/p>\n","protected":false},"author":7,"featured_media":99261,"comment_status":"closed","ping_status":"closed","sticky":false,"template":"","format":"standard","meta":{"_acf_changed":false,"footnotes":""},"categories":[113,118,119],"tags":[],"class_list":["post-99263","post","type-post","status-publish","format-standard","has-post-thumbnail","hentry","category-actualidad","category-genuine","category-genuine-1"],"acf":[],"yoast_head":"<!-- This site is optimized with the Yoast SEO plugin v27.3 - https:\/\/yoast.com\/product\/yoast-seo-wordpress\/ -->\n<title>Finaliza LALIGA GENUINE Moeve 24\/25 - Gimn\u00e0stic de Tarragona SAD<\/title>\n<meta name=\"robots\" content=\"index, follow, max-snippet:-1, max-image-preview:large, max-video-preview:-1\" \/>\n<link rel=\"canonical\" href=\"https:\/\/gimnasticdetarragona.cat\/es\/finalitza-laliga-genuine-moeve-24-25\/\" \/>\n<meta property=\"og:locale\" content=\"es_ES\" \/>\n<meta property=\"og:type\" content=\"article\" \/>\n<meta property=\"og:title\" content=\"Finaliza LALIGA GENUINE Moeve 24\/25 - Gimn\u00e0stic de Tarragona SAD\" \/>\n<meta property=\"og:description\" content=\"La competici\u00f3n cierra una gran temporada con los 47 equipos participantes\" \/>\n<meta property=\"og:url\" content=\"https:\/\/gimnasticdetarragona.cat\/es\/finalitza-laliga-genuine-moeve-24-25\/\" \/>\n<meta property=\"og:site_name\" content=\"Gimn\u00e0stic de Tarragona SAD\" \/>\n<meta property=\"article:published_time\" content=\"2025-06-03T10:09:00+00:00\" \/>\n<meta property=\"article:modified_time\" content=\"2025-06-03T10:14:23+00:00\" \/>\n<meta property=\"og:image\" content=\"https:\/\/gimnasticdetarragona.cat\/wp-content\/uploads\/2025\/06\/gen-equip.jpg\" \/>\n\t<meta property=\"og:image:width\" content=\"1153\" \/>\n\t<meta property=\"og:image:height\" content=\"866\" \/>\n\t<meta property=\"og:image:type\" content=\"image\/jpeg\" \/>\n<meta name=\"author\" content=\"Comunicacion\" \/>\n<meta name=\"twitter:card\" content=\"summary_large_image\" \/>\n<meta name=\"twitter:creator\" content=\"@NASTICTARRAGONA\" \/>\n<meta name=\"twitter:site\" content=\"@NASTICTARRAGONA\" \/>\n<meta name=\"twitter:label1\" content=\"Escrito por\" \/>\n\t<meta name=\"twitter:data1\" content=\"Comunicacion\" \/>\n\t<meta name=\"twitter:label2\" content=\"Tiempo de lectura\" \/>\n\t<meta name=\"twitter:data2\" content=\"1 minuto\" \/>\n<script type=\"application\/ld+json\" class=\"yoast-schema-graph\">{\"@context\":\"https:\\\/\\\/schema.org\",\"@graph\":[{\"@type\":\"Article\",\"@id\":\"https:\\\/\\\/gimnasticdetarragona.cat\\\/es\\\/finalitza-laliga-genuine-moeve-24-25\\\/#article\",\"isPartOf\":{\"@id\":\"https:\\\/\\\/gimnasticdetarragona.cat\\\/es\\\/finalitza-laliga-genuine-moeve-24-25\\\/\"},\"author\":{\"name\":\"Comunicacion\",\"@id\":\"https:\\\/\\\/gimnasticdetarragona.cat\\\/es\\\/#\\\/schema\\\/person\\\/0a9b7103e7dd73640eb245c4aa4afb8d\"},\"headline\":\"Finaliza LALIGA GENUINE Moeve 24\\\/25\",\"datePublished\":\"2025-06-03T10:09:00+00:00\",\"dateModified\":\"2025-06-03T10:14:23+00:00\",\"mainEntityOfPage\":{\"@id\":\"https:\\\/\\\/gimnasticdetarragona.cat\\\/es\\\/finalitza-laliga-genuine-moeve-24-25\\\/\"},\"wordCount\":264,\"publisher\":{\"@id\":\"https:\\\/\\\/gimnasticdetarragona.cat\\\/es\\\/#organization\"},\"image\":{\"@id\":\"https:\\\/\\\/gimnasticdetarragona.cat\\\/es\\\/finalitza-laliga-genuine-moeve-24-25\\\/#primaryimage\"},\"thumbnailUrl\":\"https:\\\/\\\/gimnasticdetarragona.cat\\\/wp-content\\\/uploads\\\/2025\\\/06\\\/gen-equip.jpg\",\"articleSection\":[\"Actualidad\",\"Genuine\",\"Genuine\"],\"inLanguage\":\"es\"},{\"@type\":\"WebPage\",\"@id\":\"https:\\\/\\\/gimnasticdetarragona.cat\\\/es\\\/finalitza-laliga-genuine-moeve-24-25\\\/\",\"url\":\"https:\\\/\\\/gimnasticdetarragona.cat\\\/es\\\/finalitza-laliga-genuine-moeve-24-25\\\/\",\"name\":\"Finaliza LALIGA GENUINE Moeve 24\\\/25 - Gimn\u00e0stic de Tarragona SAD\",\"isPartOf\":{\"@id\":\"https:\\\/\\\/gimnasticdetarragona.cat\\\/es\\\/#website\"},\"primaryImageOfPage\":{\"@id\":\"https:\\\/\\\/gimnasticdetarragona.cat\\\/es\\\/finalitza-laliga-genuine-moeve-24-25\\\/#primaryimage\"},\"image\":{\"@id\":\"https:\\\/\\\/gimnasticdetarragona.cat\\\/es\\\/finalitza-laliga-genuine-moeve-24-25\\\/#primaryimage\"},\"thumbnailUrl\":\"https:\\\/\\\/gimnasticdetarragona.cat\\\/wp-content\\\/uploads\\\/2025\\\/06\\\/gen-equip.jpg\",\"datePublished\":\"2025-06-03T10:09:00+00:00\",\"dateModified\":\"2025-06-03T10:14:23+00:00\",\"breadcrumb\":{\"@id\":\"https:\\\/\\\/gimnasticdetarragona.cat\\\/es\\\/finalitza-laliga-genuine-moeve-24-25\\\/#breadcrumb\"},\"inLanguage\":\"es\",\"potentialAction\":[{\"@type\":\"ReadAction\",\"target\":[\"https:\\\/\\\/gimnasticdetarragona.cat\\\/es\\\/finalitza-laliga-genuine-moeve-24-25\\\/\"]}]},{\"@type\":\"ImageObject\",\"inLanguage\":\"es\",\"@id\":\"https:\\\/\\\/gimnasticdetarragona.cat\\\/es\\\/finalitza-laliga-genuine-moeve-24-25\\\/#primaryimage\",\"url\":\"https:\\\/\\\/gimnasticdetarragona.cat\\\/wp-content\\\/uploads\\\/2025\\\/06\\\/gen-equip.jpg\",\"contentUrl\":\"https:\\\/\\\/gimnasticdetarragona.cat\\\/wp-content\\\/uploads\\\/2025\\\/06\\\/gen-equip.jpg\",\"width\":1153,\"height\":866},{\"@type\":\"BreadcrumbList\",\"@id\":\"https:\\\/\\\/gimnasticdetarragona.cat\\\/es\\\/finalitza-laliga-genuine-moeve-24-25\\\/#breadcrumb\",\"itemListElement\":[{\"@type\":\"ListItem\",\"position\":1,\"name\":\"Inici\",\"item\":\"https:\\\/\\\/gimnasticdetarragona.cat\\\/es\\\/nastic\\\/\"},{\"@type\":\"ListItem\",\"position\":2,\"name\":\"Finaliza LALIGA GENUINE Moeve 24\\\/25\"}]},{\"@type\":\"WebSite\",\"@id\":\"https:\\\/\\\/gimnasticdetarragona.cat\\\/es\\\/#website\",\"url\":\"https:\\\/\\\/gimnasticdetarragona.cat\\\/es\\\/\",\"name\":\"Gimn\u00e0stic de Tarragona SAD\",\"description\":\"Gimn\u00e0stic de Tarragona\",\"publisher\":{\"@id\":\"https:\\\/\\\/gimnasticdetarragona.cat\\\/es\\\/#organization\"},\"potentialAction\":[{\"@type\":\"SearchAction\",\"target\":{\"@type\":\"EntryPoint\",\"urlTemplate\":\"https:\\\/\\\/gimnasticdetarragona.cat\\\/es\\\/?s={search_term_string}\"},\"query-input\":{\"@type\":\"PropertyValueSpecification\",\"valueRequired\":true,\"valueName\":\"search_term_string\"}}],\"inLanguage\":\"es\"},{\"@type\":\"Organization\",\"@id\":\"https:\\\/\\\/gimnasticdetarragona.cat\\\/es\\\/#organization\",\"name\":\"GIMN\u00c0STIC DE TARRAGONA\",\"alternateName\":\"N\u00c0STIC\",\"url\":\"https:\\\/\\\/gimnasticdetarragona.cat\\\/es\\\/\",\"logo\":{\"@type\":\"ImageObject\",\"inLanguage\":\"es\",\"@id\":\"https:\\\/\\\/gimnasticdetarragona.cat\\\/es\\\/#\\\/schema\\\/logo\\\/image\\\/\",\"url\":\"https:\\\/\\\/gimnasticdetarragona.cat\\\/wp-content\\\/uploads\\\/2022\\\/06\\\/cropped-logo-gimnastic.png\",\"contentUrl\":\"https:\\\/\\\/gimnasticdetarragona.cat\\\/wp-content\\\/uploads\\\/2022\\\/06\\\/cropped-logo-gimnastic.png\",\"width\":224,\"height\":83,\"caption\":\"GIMN\u00c0STIC DE TARRAGONA\"},\"image\":{\"@id\":\"https:\\\/\\\/gimnasticdetarragona.cat\\\/es\\\/#\\\/schema\\\/logo\\\/image\\\/\"},\"sameAs\":[\"https:\\\/\\\/x.com\\\/NASTICTARRAGONA\",\"https:\\\/\\\/www.instagram.com\\\/nastictarragona\\\/\"]},{\"@type\":\"Person\",\"@id\":\"https:\\\/\\\/gimnasticdetarragona.cat\\\/es\\\/#\\\/schema\\\/person\\\/0a9b7103e7dd73640eb245c4aa4afb8d\",\"name\":\"Comunicacion\"}]}<\/script>\n<!-- \/ Yoast SEO plugin. -->","yoast_head_json":{"title":"Finaliza LALIGA GENUINE Moeve 24\/25 - Gimn\u00e0stic de Tarragona SAD","robots":{"index":"index","follow":"follow","max-snippet":"max-snippet:-1","max-image-preview":"max-image-preview:large","max-video-preview":"max-video-preview:-1"},"canonical":"https:\/\/gimnasticdetarragona.cat\/es\/finalitza-laliga-genuine-moeve-24-25\/","og_locale":"es_ES","og_type":"article","og_title":"Finaliza LALIGA GENUINE Moeve 24\/25 - Gimn\u00e0stic de Tarragona SAD","og_description":"La competici\u00f3n cierra una gran temporada con los 47 equipos participantes","og_url":"https:\/\/gimnasticdetarragona.cat\/es\/finalitza-laliga-genuine-moeve-24-25\/","og_site_name":"Gimn\u00e0stic de Tarragona SAD","article_published_time":"2025-06-03T10:09:00+00:00","article_modified_time":"2025-06-03T10:14:23+00:00","og_image":[{"width":1153,"height":866,"url":"https:\/\/gimnasticdetarragona.cat\/wp-content\/uploads\/2025\/06\/gen-equip.jpg","type":"image\/jpeg"}],"author":"Comunicacion","twitter_card":"summary_large_image","twitter_creator":"@NASTICTARRAGONA","twitter_site":"@NASTICTARRAGONA","twitter_misc":{"Escrito por":"Comunicacion","Tiempo de lectura":"1 minuto"},"schema":{"@context":"https:\/\/schema.org","@graph":[{"@type":"Article","@id":"https:\/\/gimnasticdetarragona.cat\/es\/finalitza-laliga-genuine-moeve-24-25\/#article","isPartOf":{"@id":"https:\/\/gimnasticdetarragona.cat\/es\/finalitza-laliga-genuine-moeve-24-25\/"},"author":{"name":"Comunicacion","@id":"https:\/\/gimnasticdetarragona.cat\/es\/#\/schema\/person\/0a9b7103e7dd73640eb245c4aa4afb8d"},"headline":"Finaliza LALIGA GENUINE Moeve 24\/25","datePublished":"2025-06-03T10:09:00+00:00","dateModified":"2025-06-03T10:14:23+00:00","mainEntityOfPage":{"@id":"https:\/\/gimnasticdetarragona.cat\/es\/finalitza-laliga-genuine-moeve-24-25\/"},"wordCount":264,"publisher":{"@id":"https:\/\/gimnasticdetarragona.cat\/es\/#organization"},"image":{"@id":"https:\/\/gimnasticdetarragona.cat\/es\/finalitza-laliga-genuine-moeve-24-25\/#primaryimage"},"thumbnailUrl":"https:\/\/gimnasticdetarragona.cat\/wp-content\/uploads\/2025\/06\/gen-equip.jpg","articleSection":["Actualidad","Genuine","Genuine"],"inLanguage":"es"},{"@type":"WebPage","@id":"https:\/\/gimnasticdetarragona.cat\/es\/finalitza-laliga-genuine-moeve-24-25\/","url":"https:\/\/gimnasticdetarragona.cat\/es\/finalitza-laliga-genuine-moeve-24-25\/","name":"Finaliza LALIGA GENUINE Moeve 24\/25 - Gimn\u00e0stic de Tarragona SAD","isPartOf":{"@id":"https:\/\/gimnasticdetarragona.cat\/es\/#website"},"primaryImageOfPage":{"@id":"https:\/\/gimnasticdetarragona.cat\/es\/finalitza-laliga-genuine-moeve-24-25\/#primaryimage"},"image":{"@id":"https:\/\/gimnasticdetarragona.cat\/es\/finalitza-laliga-genuine-moeve-24-25\/#primaryimage"},"thumbnailUrl":"https:\/\/gimnasticdetarragona.cat\/wp-content\/uploads\/2025\/06\/gen-equip.jpg","datePublished":"2025-06-03T10:09:00+00:00","dateModified":"2025-06-03T10:14:23+00:00","breadcrumb":{"@id":"https:\/\/gimnasticdetarragona.cat\/es\/finalitza-laliga-genuine-moeve-24-25\/#breadcrumb"},"inLanguage":"es","potentialAction":[{"@type":"ReadAction","target":["https:\/\/gimnasticdetarragona.cat\/es\/finalitza-laliga-genuine-moeve-24-25\/"]}]},{"@type":"ImageObject","inLanguage":"es","@id":"https:\/\/gimnasticdetarragona.cat\/es\/finalitza-laliga-genuine-moeve-24-25\/#primaryimage","url":"https:\/\/gimnasticdetarragona.cat\/wp-content\/uploads\/2025\/06\/gen-equip.jpg","contentUrl":"https:\/\/gimnasticdetarragona.cat\/wp-content\/uploads\/2025\/06\/gen-equip.jpg","width":1153,"height":866},{"@type":"BreadcrumbList","@id":"https:\/\/gimnasticdetarragona.cat\/es\/finalitza-laliga-genuine-moeve-24-25\/#breadcrumb","itemListElement":[{"@type":"ListItem","position":1,"name":"Inici","item":"https:\/\/gimnasticdetarragona.cat\/es\/nastic\/"},{"@type":"ListItem","position":2,"name":"Finaliza LALIGA GENUINE Moeve 24\/25"}]},{"@type":"WebSite","@id":"https:\/\/gimnasticdetarragona.cat\/es\/#website","url":"https:\/\/gimnasticdetarragona.cat\/es\/","name":"Gimn\u00e0stic de Tarragona SAD","description":"Gimn\u00e0stic de Tarragona","publisher":{"@id":"https:\/\/gimnasticdetarragona.cat\/es\/#organization"},"potentialAction":[{"@type":"SearchAction","target":{"@type":"EntryPoint","urlTemplate":"https:\/\/gimnasticdetarragona.cat\/es\/?s={search_term_string}"},"query-input":{"@type":"PropertyValueSpecification","valueRequired":true,"valueName":"search_term_string"}}],"inLanguage":"es"},{"@type":"Organization","@id":"https:\/\/gimnasticdetarragona.cat\/es\/#organization","name":"GIMN\u00c0STIC DE TARRAGONA","alternateName":"N\u00c0STIC","url":"https:\/\/gimnasticdetarragona.cat\/es\/","logo":{"@type":"ImageObject","inLanguage":"es","@id":"https:\/\/gimnasticdetarragona.cat\/es\/#\/schema\/logo\/image\/","url":"https:\/\/gimnasticdetarragona.cat\/wp-content\/uploads\/2022\/06\/cropped-logo-gimnastic.png","contentUrl":"https:\/\/gimnasticdetarragona.cat\/wp-content\/uploads\/2022\/06\/cropped-logo-gimnastic.png","width":224,"height":83,"caption":"GIMN\u00c0STIC DE TARRAGONA"},"image":{"@id":"https:\/\/gimnasticdetarragona.cat\/es\/#\/schema\/logo\/image\/"},"sameAs":["https:\/\/x.com\/NASTICTARRAGONA","https:\/\/www.instagram.com\/nastictarragona\/"]},{"@type":"Person","@id":"https:\/\/gimnasticdetarragona.cat\/es\/#\/schema\/person\/0a9b7103e7dd73640eb245c4aa4afb8d","name":"Comunicacion"}]}},"_links":{"self":[{"href":"https:\/\/gimnasticdetarragona.cat\/es\/wp-json\/wp\/v2\/posts\/99263","targetHints":{"allow":["GET"]}}],"collection":[{"href":"https:\/\/gimnasticdetarragona.cat\/es\/wp-json\/wp\/v2\/posts"}],"about":[{"href":"https:\/\/gimnasticdetarragona.cat\/es\/wp-json\/wp\/v2\/types\/post"}],"author":[{"embeddable":true,"href":"https:\/\/gimnasticdetarragona.cat\/es\/wp-json\/wp\/v2\/users\/7"}],"replies":[{"embeddable":true,"href":"https:\/\/gimnasticdetarragona.cat\/es\/wp-json\/wp\/v2\/comments?post=99263"}],"version-history":[{"count":2,"href":"https:\/\/gimnasticdetarragona.cat\/es\/wp-json\/wp\/v2\/posts\/99263\/revisions"}],"predecessor-version":[{"id":99266,"href":"https:\/\/gimnasticdetarragona.cat\/es\/wp-json\/wp\/v2\/posts\/99263\/revisions\/99266"}],"wp:featuredmedia":[{"embeddable":true,"href":"https:\/\/gimnasticdetarragona.cat\/es\/wp-json\/wp\/v2\/media\/99261"}],"wp:attachment":[{"href":"https:\/\/gimnasticdetarragona.cat\/es\/wp-json\/wp\/v2\/media?parent=99263"}],"wp:term":[{"taxonomy":"category","embeddable":true,"href":"https:\/\/gimnasticdetarragona.cat\/es\/wp-json\/wp\/v2\/categories?post=99263"},{"taxonomy":"post_tag","embeddable":true,"href":"https:\/\/gimnasticdetarragona.cat\/es\/wp-json\/wp\/v2\/tags?post=99263"}],"curies":[{"name":"wp","href":"https:\/\/api.w.org\/{rel}","templated":true}]}}