{"id":99289,"date":"2025-06-05T12:54:21","date_gmt":"2025-06-05T10:54:21","guid":{"rendered":"https:\/\/gimnasticdetarragona.cat\/tot-preparat-per-viure-el-real-murcia-cf-nastic-des-de-la-pantalla-gegant\/"},"modified":"2025-06-05T13:09:47","modified_gmt":"2025-06-05T11:09:47","slug":"tot-preparat-per-viure-el-real-murcia-cf-nastic-des-de-la-pantalla-gegant","status":"publish","type":"post","link":"https:\/\/gimnasticdetarragona.cat\/es\/tot-preparat-per-viure-el-real-murcia-cf-nastic-des-de-la-pantalla-gegant\/","title":{"rendered":"Todo preparado para vivir el Real Murcia CF \u2013 N\u00e0stic desde la pantalla gigante"},"content":{"rendered":"\n<p>El Ayuntamiento de Tarragona, a trav\u00e9s de Tarragona Esports, ya lo tiene todo listo para instalar, este s\u00e1bado 7 de junio, la pantalla gigante para que los tarraconenses y tarraconenses que no se desplacen al Estadio Enrique Roca sigan en directo el partido de vuelta de las semifinales del play-off de ascenso a Segunda Divisi\u00f3n A.<\/p>\n\n\n\n<p>Tarragona Esports, Tarragona R\u00e0dio y el Gimn\u00e0stic de Tarragona volver\u00e1n a ofrecer el Espai N\u00e0stic en la zona de las gradas del Parque del Francol\u00ed donde la actividad empezar\u00e1 a partir de las 18 horas.<\/p>\n\n\n\n<p>A las 18.30 horas habr\u00e1 dos actuaciones musicales a cargo de los cantautores Jomiv y El Lleig, de Rambla Management, que subir\u00e1n al escenario del Espai N\u00e0stic. En el mismo espacio tambi\u00e9n habr\u00e1 una fan zone donde todo el que quiera se podr\u00e1 pintar la cara con los colores del equipo tarraconense y un photocall con la silueta de un jugador del N\u00e0stic. El espacio contar\u00e1 tambi\u00e9n con una barra con servicio de comida y bebida.<\/p>\n\n\n\n<p>Aproximadamente a las 19.15 h, empezar\u00e1 la previa del partido con la periodista Laura Casas y el speaker del N\u00e0stic, Rub\u00e9n Blad\u00e9. Se recordar\u00e1n los mejores momentos de la temporada con personas que se convierten en s\u00edmbolos del equipo grana. Y a las 20.30 h, empezar\u00e1 el partido y se conectar\u00e1 en directo con los periodistas de Tarragona R\u00e0dio, Tere Ortega y Jordi Blanch, que estar\u00e1n en el Estadio Enrique Roca de Murcia.<\/p>\n\n\n\n<p>El Espai N\u00e0stic tambi\u00e9n dispondr\u00e1 de un Punt Lila y Arco Iris de la conselleria de Igualdad, Pol\u00edticas Feministas y LGTBI+ con el objetivo de informar y asesorar sobre las violencias machistas y LGTBIQ+f\u00f3bicas.<\/p>\n","protected":false},"excerpt":{"rendered":"<p>La actividad en el Espai N\u00e0stic, en el Parc Francol\u00ed, empezar\u00e1 a las 18 horas y contar\u00e1 con actuaciones musicales y una fan zone<\/p>\n","protected":false},"author":7,"featured_media":99287,"comment_status":"closed","ping_status":"closed","sticky":false,"template":"","format":"standard","meta":{"_acf_changed":false,"footnotes":""},"categories":[113,114,115,125,126,139,138],"tags":[],"class_list":["post-99289","post","type-post","status-publish","format-standard","has-post-thumbnail","hentry","category-actualidad","category-aficion","category-agenda-social","category-penas","category-primer-equipo","category-social","category-socio"],"acf":[],"yoast_head":"<!-- This site is optimized with the Yoast SEO plugin v27.3 - https:\/\/yoast.com\/product\/yoast-seo-wordpress\/ -->\n<title>Todo preparado para vivir el Real Murcia CF \u2013 N\u00e0stic desde la pantalla gigante - Gimn\u00e0stic de Tarragona SAD<\/title>\n<meta name=\"robots\" content=\"index, follow, max-snippet:-1, max-image-preview:large, max-video-preview:-1\" \/>\n<link rel=\"canonical\" href=\"https:\/\/gimnasticdetarragona.cat\/es\/tot-preparat-per-viure-el-real-murcia-cf-nastic-des-de-la-pantalla-gegant\/\" \/>\n<meta property=\"og:locale\" content=\"es_ES\" \/>\n<meta property=\"og:type\" content=\"article\" \/>\n<meta property=\"og:title\" content=\"Todo preparado para vivir el Real Murcia CF \u2013 N\u00e0stic desde la pantalla gigante - Gimn\u00e0stic de Tarragona SAD\" \/>\n<meta property=\"og:description\" content=\"La actividad en el Espai N\u00e0stic, en el Parc Francol\u00ed, empezar\u00e1 a las 18 horas y contar\u00e1 con actuaciones musicales y una fan zone\" \/>\n<meta property=\"og:url\" content=\"https:\/\/gimnasticdetarragona.cat\/es\/tot-preparat-per-viure-el-real-murcia-cf-nastic-des-de-la-pantalla-gegant\/\" \/>\n<meta property=\"og:site_name\" content=\"Gimn\u00e0stic de Tarragona SAD\" \/>\n<meta property=\"article:published_time\" content=\"2025-06-05T10:54:21+00:00\" \/>\n<meta property=\"article:modified_time\" content=\"2025-06-05T11:09:47+00:00\" \/>\n<meta property=\"og:image\" content=\"https:\/\/gimnasticdetarragona.cat\/wp-content\/uploads\/2025\/06\/WhatsApp-Image-2025-06-05-at-10.52.42.jpeg\" \/>\n\t<meta property=\"og:image:width\" content=\"1131\" \/>\n\t<meta property=\"og:image:height\" content=\"1600\" \/>\n\t<meta property=\"og:image:type\" content=\"image\/jpeg\" \/>\n<meta name=\"author\" content=\"Comunicacion\" \/>\n<meta name=\"twitter:card\" content=\"summary_large_image\" \/>\n<meta name=\"twitter:creator\" content=\"@NASTICTARRAGONA\" \/>\n<meta name=\"twitter:site\" content=\"@NASTICTARRAGONA\" \/>\n<meta name=\"twitter:label1\" content=\"Escrito por\" \/>\n\t<meta name=\"twitter:data1\" content=\"Comunicacion\" \/>\n\t<meta name=\"twitter:label2\" content=\"Tiempo de lectura\" \/>\n\t<meta name=\"twitter:data2\" content=\"1 minuto\" \/>\n<script type=\"application\/ld+json\" class=\"yoast-schema-graph\">{\"@context\":\"https:\\\/\\\/schema.org\",\"@graph\":[{\"@type\":\"Article\",\"@id\":\"https:\\\/\\\/gimnasticdetarragona.cat\\\/es\\\/tot-preparat-per-viure-el-real-murcia-cf-nastic-des-de-la-pantalla-gegant\\\/#article\",\"isPartOf\":{\"@id\":\"https:\\\/\\\/gimnasticdetarragona.cat\\\/es\\\/tot-preparat-per-viure-el-real-murcia-cf-nastic-des-de-la-pantalla-gegant\\\/\"},\"author\":{\"name\":\"Comunicacion\",\"@id\":\"https:\\\/\\\/gimnasticdetarragona.cat\\\/es\\\/#\\\/schema\\\/person\\\/0a9b7103e7dd73640eb245c4aa4afb8d\"},\"headline\":\"Todo preparado para vivir el Real Murcia CF \u2013 N\u00e0stic desde la pantalla gigante\",\"datePublished\":\"2025-06-05T10:54:21+00:00\",\"dateModified\":\"2025-06-05T11:09:47+00:00\",\"mainEntityOfPage\":{\"@id\":\"https:\\\/\\\/gimnasticdetarragona.cat\\\/es\\\/tot-preparat-per-viure-el-real-murcia-cf-nastic-des-de-la-pantalla-gegant\\\/\"},\"wordCount\":306,\"publisher\":{\"@id\":\"https:\\\/\\\/gimnasticdetarragona.cat\\\/es\\\/#organization\"},\"image\":{\"@id\":\"https:\\\/\\\/gimnasticdetarragona.cat\\\/es\\\/tot-preparat-per-viure-el-real-murcia-cf-nastic-des-de-la-pantalla-gegant\\\/#primaryimage\"},\"thumbnailUrl\":\"https:\\\/\\\/gimnasticdetarragona.cat\\\/wp-content\\\/uploads\\\/2025\\\/06\\\/WhatsApp-Image-2025-06-05-at-10.52.42.jpeg\",\"articleSection\":[\"Actualidad\",\"Afici\u00f3n\",\"Agenda Social\",\"Pe\u00f1as\",\"Primer Equipo\",\"Social\",\"Socio\"],\"inLanguage\":\"es\"},{\"@type\":\"WebPage\",\"@id\":\"https:\\\/\\\/gimnasticdetarragona.cat\\\/es\\\/tot-preparat-per-viure-el-real-murcia-cf-nastic-des-de-la-pantalla-gegant\\\/\",\"url\":\"https:\\\/\\\/gimnasticdetarragona.cat\\\/es\\\/tot-preparat-per-viure-el-real-murcia-cf-nastic-des-de-la-pantalla-gegant\\\/\",\"name\":\"Todo preparado para vivir el Real Murcia CF \u2013 N\u00e0stic desde la pantalla gigante - Gimn\u00e0stic de Tarragona SAD\",\"isPartOf\":{\"@id\":\"https:\\\/\\\/gimnasticdetarragona.cat\\\/es\\\/#website\"},\"primaryImageOfPage\":{\"@id\":\"https:\\\/\\\/gimnasticdetarragona.cat\\\/es\\\/tot-preparat-per-viure-el-real-murcia-cf-nastic-des-de-la-pantalla-gegant\\\/#primaryimage\"},\"image\":{\"@id\":\"https:\\\/\\\/gimnasticdetarragona.cat\\\/es\\\/tot-preparat-per-viure-el-real-murcia-cf-nastic-des-de-la-pantalla-gegant\\\/#primaryimage\"},\"thumbnailUrl\":\"https:\\\/\\\/gimnasticdetarragona.cat\\\/wp-content\\\/uploads\\\/2025\\\/06\\\/WhatsApp-Image-2025-06-05-at-10.52.42.jpeg\",\"datePublished\":\"2025-06-05T10:54:21+00:00\",\"dateModified\":\"2025-06-05T11:09:47+00:00\",\"breadcrumb\":{\"@id\":\"https:\\\/\\\/gimnasticdetarragona.cat\\\/es\\\/tot-preparat-per-viure-el-real-murcia-cf-nastic-des-de-la-pantalla-gegant\\\/#breadcrumb\"},\"inLanguage\":\"es\",\"potentialAction\":[{\"@type\":\"ReadAction\",\"target\":[\"https:\\\/\\\/gimnasticdetarragona.cat\\\/es\\\/tot-preparat-per-viure-el-real-murcia-cf-nastic-des-de-la-pantalla-gegant\\\/\"]}]},{\"@type\":\"ImageObject\",\"inLanguage\":\"es\",\"@id\":\"https:\\\/\\\/gimnasticdetarragona.cat\\\/es\\\/tot-preparat-per-viure-el-real-murcia-cf-nastic-des-de-la-pantalla-gegant\\\/#primaryimage\",\"url\":\"https:\\\/\\\/gimnasticdetarragona.cat\\\/wp-content\\\/uploads\\\/2025\\\/06\\\/WhatsApp-Image-2025-06-05-at-10.52.42.jpeg\",\"contentUrl\":\"https:\\\/\\\/gimnasticdetarragona.cat\\\/wp-content\\\/uploads\\\/2025\\\/06\\\/WhatsApp-Image-2025-06-05-at-10.52.42.jpeg\",\"width\":1131,\"height\":1600},{\"@type\":\"BreadcrumbList\",\"@id\":\"https:\\\/\\\/gimnasticdetarragona.cat\\\/es\\\/tot-preparat-per-viure-el-real-murcia-cf-nastic-des-de-la-pantalla-gegant\\\/#breadcrumb\",\"itemListElement\":[{\"@type\":\"ListItem\",\"position\":1,\"name\":\"Inici\",\"item\":\"https:\\\/\\\/gimnasticdetarragona.cat\\\/es\\\/nastic\\\/\"},{\"@type\":\"ListItem\",\"position\":2,\"name\":\"Todo preparado para vivir el Real Murcia CF \u2013 N\u00e0stic desde la pantalla gigante\"}]},{\"@type\":\"WebSite\",\"@id\":\"https:\\\/\\\/gimnasticdetarragona.cat\\\/es\\\/#website\",\"url\":\"https:\\\/\\\/gimnasticdetarragona.cat\\\/es\\\/\",\"name\":\"Gimn\u00e0stic de Tarragona SAD\",\"description\":\"Gimn\u00e0stic de Tarragona\",\"publisher\":{\"@id\":\"https:\\\/\\\/gimnasticdetarragona.cat\\\/es\\\/#organization\"},\"potentialAction\":[{\"@type\":\"SearchAction\",\"target\":{\"@type\":\"EntryPoint\",\"urlTemplate\":\"https:\\\/\\\/gimnasticdetarragona.cat\\\/es\\\/?s={search_term_string}\"},\"query-input\":{\"@type\":\"PropertyValueSpecification\",\"valueRequired\":true,\"valueName\":\"search_term_string\"}}],\"inLanguage\":\"es\"},{\"@type\":\"Organization\",\"@id\":\"https:\\\/\\\/gimnasticdetarragona.cat\\\/es\\\/#organization\",\"name\":\"GIMN\u00c0STIC DE TARRAGONA\",\"alternateName\":\"N\u00c0STIC\",\"url\":\"https:\\\/\\\/gimnasticdetarragona.cat\\\/es\\\/\",\"logo\":{\"@type\":\"ImageObject\",\"inLanguage\":\"es\",\"@id\":\"https:\\\/\\\/gimnasticdetarragona.cat\\\/es\\\/#\\\/schema\\\/logo\\\/image\\\/\",\"url\":\"https:\\\/\\\/gimnasticdetarragona.cat\\\/wp-content\\\/uploads\\\/2022\\\/06\\\/cropped-logo-gimnastic.png\",\"contentUrl\":\"https:\\\/\\\/gimnasticdetarragona.cat\\\/wp-content\\\/uploads\\\/2022\\\/06\\\/cropped-logo-gimnastic.png\",\"width\":224,\"height\":83,\"caption\":\"GIMN\u00c0STIC DE TARRAGONA\"},\"image\":{\"@id\":\"https:\\\/\\\/gimnasticdetarragona.cat\\\/es\\\/#\\\/schema\\\/logo\\\/image\\\/\"},\"sameAs\":[\"https:\\\/\\\/x.com\\\/NASTICTARRAGONA\",\"https:\\\/\\\/www.instagram.com\\\/nastictarragona\\\/\"]},{\"@type\":\"Person\",\"@id\":\"https:\\\/\\\/gimnasticdetarragona.cat\\\/es\\\/#\\\/schema\\\/person\\\/0a9b7103e7dd73640eb245c4aa4afb8d\",\"name\":\"Comunicacion\"}]}<\/script>\n<!-- \/ Yoast SEO plugin. -->","yoast_head_json":{"title":"Todo preparado para vivir el Real Murcia CF \u2013 N\u00e0stic desde la pantalla gigante - Gimn\u00e0stic de Tarragona SAD","robots":{"index":"index","follow":"follow","max-snippet":"max-snippet:-1","max-image-preview":"max-image-preview:large","max-video-preview":"max-video-preview:-1"},"canonical":"https:\/\/gimnasticdetarragona.cat\/es\/tot-preparat-per-viure-el-real-murcia-cf-nastic-des-de-la-pantalla-gegant\/","og_locale":"es_ES","og_type":"article","og_title":"Todo preparado para vivir el Real Murcia CF \u2013 N\u00e0stic desde la pantalla gigante - Gimn\u00e0stic de Tarragona SAD","og_description":"La actividad en el Espai N\u00e0stic, en el Parc Francol\u00ed, empezar\u00e1 a las 18 horas y contar\u00e1 con actuaciones musicales y una fan zone","og_url":"https:\/\/gimnasticdetarragona.cat\/es\/tot-preparat-per-viure-el-real-murcia-cf-nastic-des-de-la-pantalla-gegant\/","og_site_name":"Gimn\u00e0stic de Tarragona SAD","article_published_time":"2025-06-05T10:54:21+00:00","article_modified_time":"2025-06-05T11:09:47+00:00","og_image":[{"width":1131,"height":1600,"url":"https:\/\/gimnasticdetarragona.cat\/wp-content\/uploads\/2025\/06\/WhatsApp-Image-2025-06-05-at-10.52.42.jpeg","type":"image\/jpeg"}],"author":"Comunicacion","twitter_card":"summary_large_image","twitter_creator":"@NASTICTARRAGONA","twitter_site":"@NASTICTARRAGONA","twitter_misc":{"Escrito por":"Comunicacion","Tiempo de lectura":"1 minuto"},"schema":{"@context":"https:\/\/schema.org","@graph":[{"@type":"Article","@id":"https:\/\/gimnasticdetarragona.cat\/es\/tot-preparat-per-viure-el-real-murcia-cf-nastic-des-de-la-pantalla-gegant\/#article","isPartOf":{"@id":"https:\/\/gimnasticdetarragona.cat\/es\/tot-preparat-per-viure-el-real-murcia-cf-nastic-des-de-la-pantalla-gegant\/"},"author":{"name":"Comunicacion","@id":"https:\/\/gimnasticdetarragona.cat\/es\/#\/schema\/person\/0a9b7103e7dd73640eb245c4aa4afb8d"},"headline":"Todo preparado para vivir el Real Murcia CF \u2013 N\u00e0stic desde la pantalla gigante","datePublished":"2025-06-05T10:54:21+00:00","dateModified":"2025-06-05T11:09:47+00:00","mainEntityOfPage":{"@id":"https:\/\/gimnasticdetarragona.cat\/es\/tot-preparat-per-viure-el-real-murcia-cf-nastic-des-de-la-pantalla-gegant\/"},"wordCount":306,"publisher":{"@id":"https:\/\/gimnasticdetarragona.cat\/es\/#organization"},"image":{"@id":"https:\/\/gimnasticdetarragona.cat\/es\/tot-preparat-per-viure-el-real-murcia-cf-nastic-des-de-la-pantalla-gegant\/#primaryimage"},"thumbnailUrl":"https:\/\/gimnasticdetarragona.cat\/wp-content\/uploads\/2025\/06\/WhatsApp-Image-2025-06-05-at-10.52.42.jpeg","articleSection":["Actualidad","Afici\u00f3n","Agenda Social","Pe\u00f1as","Primer Equipo","Social","Socio"],"inLanguage":"es"},{"@type":"WebPage","@id":"https:\/\/gimnasticdetarragona.cat\/es\/tot-preparat-per-viure-el-real-murcia-cf-nastic-des-de-la-pantalla-gegant\/","url":"https:\/\/gimnasticdetarragona.cat\/es\/tot-preparat-per-viure-el-real-murcia-cf-nastic-des-de-la-pantalla-gegant\/","name":"Todo preparado para vivir el Real Murcia CF \u2013 N\u00e0stic desde la pantalla gigante - Gimn\u00e0stic de Tarragona SAD","isPartOf":{"@id":"https:\/\/gimnasticdetarragona.cat\/es\/#website"},"primaryImageOfPage":{"@id":"https:\/\/gimnasticdetarragona.cat\/es\/tot-preparat-per-viure-el-real-murcia-cf-nastic-des-de-la-pantalla-gegant\/#primaryimage"},"image":{"@id":"https:\/\/gimnasticdetarragona.cat\/es\/tot-preparat-per-viure-el-real-murcia-cf-nastic-des-de-la-pantalla-gegant\/#primaryimage"},"thumbnailUrl":"https:\/\/gimnasticdetarragona.cat\/wp-content\/uploads\/2025\/06\/WhatsApp-Image-2025-06-05-at-10.52.42.jpeg","datePublished":"2025-06-05T10:54:21+00:00","dateModified":"2025-06-05T11:09:47+00:00","breadcrumb":{"@id":"https:\/\/gimnasticdetarragona.cat\/es\/tot-preparat-per-viure-el-real-murcia-cf-nastic-des-de-la-pantalla-gegant\/#breadcrumb"},"inLanguage":"es","potentialAction":[{"@type":"ReadAction","target":["https:\/\/gimnasticdetarragona.cat\/es\/tot-preparat-per-viure-el-real-murcia-cf-nastic-des-de-la-pantalla-gegant\/"]}]},{"@type":"ImageObject","inLanguage":"es","@id":"https:\/\/gimnasticdetarragona.cat\/es\/tot-preparat-per-viure-el-real-murcia-cf-nastic-des-de-la-pantalla-gegant\/#primaryimage","url":"https:\/\/gimnasticdetarragona.cat\/wp-content\/uploads\/2025\/06\/WhatsApp-Image-2025-06-05-at-10.52.42.jpeg","contentUrl":"https:\/\/gimnasticdetarragona.cat\/wp-content\/uploads\/2025\/06\/WhatsApp-Image-2025-06-05-at-10.52.42.jpeg","width":1131,"height":1600},{"@type":"BreadcrumbList","@id":"https:\/\/gimnasticdetarragona.cat\/es\/tot-preparat-per-viure-el-real-murcia-cf-nastic-des-de-la-pantalla-gegant\/#breadcrumb","itemListElement":[{"@type":"ListItem","position":1,"name":"Inici","item":"https:\/\/gimnasticdetarragona.cat\/es\/nastic\/"},{"@type":"ListItem","position":2,"name":"Todo preparado para vivir el Real Murcia CF \u2013 N\u00e0stic desde la pantalla gigante"}]},{"@type":"WebSite","@id":"https:\/\/gimnasticdetarragona.cat\/es\/#website","url":"https:\/\/gimnasticdetarragona.cat\/es\/","name":"Gimn\u00e0stic de Tarragona SAD","description":"Gimn\u00e0stic de Tarragona","publisher":{"@id":"https:\/\/gimnasticdetarragona.cat\/es\/#organization"},"potentialAction":[{"@type":"SearchAction","target":{"@type":"EntryPoint","urlTemplate":"https:\/\/gimnasticdetarragona.cat\/es\/?s={search_term_string}"},"query-input":{"@type":"PropertyValueSpecification","valueRequired":true,"valueName":"search_term_string"}}],"inLanguage":"es"},{"@type":"Organization","@id":"https:\/\/gimnasticdetarragona.cat\/es\/#organization","name":"GIMN\u00c0STIC DE TARRAGONA","alternateName":"N\u00c0STIC","url":"https:\/\/gimnasticdetarragona.cat\/es\/","logo":{"@type":"ImageObject","inLanguage":"es","@id":"https:\/\/gimnasticdetarragona.cat\/es\/#\/schema\/logo\/image\/","url":"https:\/\/gimnasticdetarragona.cat\/wp-content\/uploads\/2022\/06\/cropped-logo-gimnastic.png","contentUrl":"https:\/\/gimnasticdetarragona.cat\/wp-content\/uploads\/2022\/06\/cropped-logo-gimnastic.png","width":224,"height":83,"caption":"GIMN\u00c0STIC DE TARRAGONA"},"image":{"@id":"https:\/\/gimnasticdetarragona.cat\/es\/#\/schema\/logo\/image\/"},"sameAs":["https:\/\/x.com\/NASTICTARRAGONA","https:\/\/www.instagram.com\/nastictarragona\/"]},{"@type":"Person","@id":"https:\/\/gimnasticdetarragona.cat\/es\/#\/schema\/person\/0a9b7103e7dd73640eb245c4aa4afb8d","name":"Comunicacion"}]}},"_links":{"self":[{"href":"https:\/\/gimnasticdetarragona.cat\/es\/wp-json\/wp\/v2\/posts\/99289","targetHints":{"allow":["GET"]}}],"collection":[{"href":"https:\/\/gimnasticdetarragona.cat\/es\/wp-json\/wp\/v2\/posts"}],"about":[{"href":"https:\/\/gimnasticdetarragona.cat\/es\/wp-json\/wp\/v2\/types\/post"}],"author":[{"embeddable":true,"href":"https:\/\/gimnasticdetarragona.cat\/es\/wp-json\/wp\/v2\/users\/7"}],"replies":[{"embeddable":true,"href":"https:\/\/gimnasticdetarragona.cat\/es\/wp-json\/wp\/v2\/comments?post=99289"}],"version-history":[{"count":1,"href":"https:\/\/gimnasticdetarragona.cat\/es\/wp-json\/wp\/v2\/posts\/99289\/revisions"}],"predecessor-version":[{"id":99291,"href":"https:\/\/gimnasticdetarragona.cat\/es\/wp-json\/wp\/v2\/posts\/99289\/revisions\/99291"}],"wp:featuredmedia":[{"embeddable":true,"href":"https:\/\/gimnasticdetarragona.cat\/es\/wp-json\/wp\/v2\/media\/99287"}],"wp:attachment":[{"href":"https:\/\/gimnasticdetarragona.cat\/es\/wp-json\/wp\/v2\/media?parent=99289"}],"wp:term":[{"taxonomy":"category","embeddable":true,"href":"https:\/\/gimnasticdetarragona.cat\/es\/wp-json\/wp\/v2\/categories?post=99289"},{"taxonomy":"post_tag","embeddable":true,"href":"https:\/\/gimnasticdetarragona.cat\/es\/wp-json\/wp\/v2\/tags?post=99289"}],"curies":[{"name":"wp","href":"https:\/\/api.w.org\/{rel}","templated":true}]}}