{"id":99304,"date":"2025-06-02T10:20:00","date_gmt":"2025-06-02T08:20:00","guid":{"rendered":"https:\/\/gimnasticdetarragona.cat\/carla-plana-bicampiona-despanya\/"},"modified":"2025-06-05T19:51:20","modified_gmt":"2025-06-05T17:51:20","slug":"carla-plana-bicampiona-despanya","status":"publish","type":"post","link":"https:\/\/gimnasticdetarragona.cat\/es\/carla-plana-bicampiona-despanya\/","title":{"rendered":"Carla Plana, bicampeona de Espa\u00f1a"},"content":{"rendered":"\n<p>La tarraconense de la secci\u00f3n de patinaje del Club Gimn\u00e0stic sigue sumando podios y campeonatos una temporada m\u00e1s. Durante el mes de mayo se proclam\u00f3 Campeona de Espa\u00f1a en circuito y tambi\u00e9n en pista.<\/p>\n\n\n\n<p>El fin de semana del 17 y 18 de mayo, en la nueva pista de El Prat de Llobregat, la roller grana se colg\u00f3 tres medallas en las tres pruebas disputadas en su primer a\u00f1o en la categor\u00eda junior: oro en los 5.000 puntos, plata en los 10.000 eliminaci\u00f3n y bronce en los 1.000 metros sprint.<\/p>\n\n\n\n<p>Los nuevos y buenos registros continuaron el pasado fin de semana en el Campeonato de Espa\u00f1a de Circuito disputado en Pamplona. Carla cruz\u00f3 la l\u00ednea de meta en primera posici\u00f3n en la prueba de los 10.000 puntuaci\u00f3n, mientras que volvi\u00f3 a subir al podio para colgarse la medalla de plata de los 5.000 eliminaci\u00f3n.<\/p>\n\n\n\n<p>Estos grandes resultados de la patinadora Carla Plana le han permitido revalidar el t\u00edtulo de Campeona de Espa\u00f1a, en este caso, estren\u00e1ndose en la categor\u00eda junior.<\/p>\n\n\n\n<p>El pr\u00f3ximo reto est\u00e1 fijado para el 14 y 15 de junio en las pruebas preselectivas con el combinado nacional con el objetivo de ser convocada por los pr\u00f3ximos campeonatos de Europa.<\/p>\n\n\n\n<p><\/p>\n","protected":false},"excerpt":{"rendered":"<p>La patinadora del N\u00e0stic suma 2 oros, 2 platas y 1 bronce<\/p>\n","protected":false},"author":7,"featured_media":99302,"comment_status":"closed","ping_status":"closed","sticky":false,"template":"","format":"standard","meta":{"_acf_changed":false,"footnotes":""},"categories":[113,133,127,128],"tags":[],"class_list":["post-99304","post","type-post","status-publish","format-standard","has-post-thumbnail","hentry","category-actualidad","category-patinaje","category-secciones","category-secciones-1"],"acf":[],"yoast_head":"<!-- This site is optimized with the Yoast SEO plugin v27.3 - https:\/\/yoast.com\/product\/yoast-seo-wordpress\/ -->\n<title>Carla Plana, bicampeona de Espa\u00f1a - Gimn\u00e0stic de Tarragona SAD<\/title>\n<meta name=\"robots\" content=\"index, follow, max-snippet:-1, max-image-preview:large, max-video-preview:-1\" \/>\n<link rel=\"canonical\" href=\"https:\/\/gimnasticdetarragona.cat\/es\/carla-plana-bicampiona-despanya\/\" \/>\n<meta property=\"og:locale\" content=\"es_ES\" \/>\n<meta property=\"og:type\" content=\"article\" \/>\n<meta property=\"og:title\" content=\"Carla Plana, bicampeona de Espa\u00f1a - Gimn\u00e0stic de Tarragona SAD\" \/>\n<meta property=\"og:description\" content=\"La patinadora del N\u00e0stic suma 2 oros, 2 platas y 1 bronce\" \/>\n<meta property=\"og:url\" content=\"https:\/\/gimnasticdetarragona.cat\/es\/carla-plana-bicampiona-despanya\/\" \/>\n<meta property=\"og:site_name\" content=\"Gimn\u00e0stic de Tarragona SAD\" \/>\n<meta property=\"article:published_time\" content=\"2025-06-02T08:20:00+00:00\" \/>\n<meta property=\"article:modified_time\" content=\"2025-06-05T17:51:20+00:00\" \/>\n<meta property=\"og:image\" content=\"https:\/\/gimnasticdetarragona.cat\/wp-content\/uploads\/2025\/06\/WhatsApp-Image-2025-06-02-at-19.26.102.jpg\" \/>\n\t<meta property=\"og:image:width\" content=\"1366\" \/>\n\t<meta property=\"og:image:height\" content=\"1594\" \/>\n\t<meta property=\"og:image:type\" content=\"image\/jpeg\" \/>\n<meta name=\"author\" content=\"Comunicacion\" \/>\n<meta name=\"twitter:card\" content=\"summary_large_image\" \/>\n<meta name=\"twitter:creator\" content=\"@NASTICTARRAGONA\" \/>\n<meta name=\"twitter:site\" content=\"@NASTICTARRAGONA\" \/>\n<meta name=\"twitter:label1\" content=\"Escrito por\" \/>\n\t<meta name=\"twitter:data1\" content=\"Comunicacion\" \/>\n\t<meta name=\"twitter:label2\" content=\"Tiempo de lectura\" \/>\n\t<meta name=\"twitter:data2\" content=\"1 minuto\" \/>\n<script type=\"application\/ld+json\" class=\"yoast-schema-graph\">{\"@context\":\"https:\\\/\\\/schema.org\",\"@graph\":[{\"@type\":\"Article\",\"@id\":\"https:\\\/\\\/gimnasticdetarragona.cat\\\/es\\\/carla-plana-bicampiona-despanya\\\/#article\",\"isPartOf\":{\"@id\":\"https:\\\/\\\/gimnasticdetarragona.cat\\\/es\\\/carla-plana-bicampiona-despanya\\\/\"},\"author\":{\"name\":\"Comunicacion\",\"@id\":\"https:\\\/\\\/gimnasticdetarragona.cat\\\/es\\\/#\\\/schema\\\/person\\\/0a9b7103e7dd73640eb245c4aa4afb8d\"},\"headline\":\"Carla Plana, bicampeona de Espa\u00f1a\",\"datePublished\":\"2025-06-02T08:20:00+00:00\",\"dateModified\":\"2025-06-05T17:51:20+00:00\",\"mainEntityOfPage\":{\"@id\":\"https:\\\/\\\/gimnasticdetarragona.cat\\\/es\\\/carla-plana-bicampiona-despanya\\\/\"},\"wordCount\":218,\"publisher\":{\"@id\":\"https:\\\/\\\/gimnasticdetarragona.cat\\\/es\\\/#organization\"},\"image\":{\"@id\":\"https:\\\/\\\/gimnasticdetarragona.cat\\\/es\\\/carla-plana-bicampiona-despanya\\\/#primaryimage\"},\"thumbnailUrl\":\"https:\\\/\\\/gimnasticdetarragona.cat\\\/wp-content\\\/uploads\\\/2025\\\/06\\\/WhatsApp-Image-2025-06-02-at-19.26.102.jpg\",\"articleSection\":[\"Actualidad\",\"Secci\u00f3n Patinaje\",\"Secciones\",\"Secciones\"],\"inLanguage\":\"es\"},{\"@type\":\"WebPage\",\"@id\":\"https:\\\/\\\/gimnasticdetarragona.cat\\\/es\\\/carla-plana-bicampiona-despanya\\\/\",\"url\":\"https:\\\/\\\/gimnasticdetarragona.cat\\\/es\\\/carla-plana-bicampiona-despanya\\\/\",\"name\":\"Carla Plana, bicampeona de Espa\u00f1a - Gimn\u00e0stic de Tarragona SAD\",\"isPartOf\":{\"@id\":\"https:\\\/\\\/gimnasticdetarragona.cat\\\/es\\\/#website\"},\"primaryImageOfPage\":{\"@id\":\"https:\\\/\\\/gimnasticdetarragona.cat\\\/es\\\/carla-plana-bicampiona-despanya\\\/#primaryimage\"},\"image\":{\"@id\":\"https:\\\/\\\/gimnasticdetarragona.cat\\\/es\\\/carla-plana-bicampiona-despanya\\\/#primaryimage\"},\"thumbnailUrl\":\"https:\\\/\\\/gimnasticdetarragona.cat\\\/wp-content\\\/uploads\\\/2025\\\/06\\\/WhatsApp-Image-2025-06-02-at-19.26.102.jpg\",\"datePublished\":\"2025-06-02T08:20:00+00:00\",\"dateModified\":\"2025-06-05T17:51:20+00:00\",\"breadcrumb\":{\"@id\":\"https:\\\/\\\/gimnasticdetarragona.cat\\\/es\\\/carla-plana-bicampiona-despanya\\\/#breadcrumb\"},\"inLanguage\":\"es\",\"potentialAction\":[{\"@type\":\"ReadAction\",\"target\":[\"https:\\\/\\\/gimnasticdetarragona.cat\\\/es\\\/carla-plana-bicampiona-despanya\\\/\"]}]},{\"@type\":\"ImageObject\",\"inLanguage\":\"es\",\"@id\":\"https:\\\/\\\/gimnasticdetarragona.cat\\\/es\\\/carla-plana-bicampiona-despanya\\\/#primaryimage\",\"url\":\"https:\\\/\\\/gimnasticdetarragona.cat\\\/wp-content\\\/uploads\\\/2025\\\/06\\\/WhatsApp-Image-2025-06-02-at-19.26.102.jpg\",\"contentUrl\":\"https:\\\/\\\/gimnasticdetarragona.cat\\\/wp-content\\\/uploads\\\/2025\\\/06\\\/WhatsApp-Image-2025-06-02-at-19.26.102.jpg\",\"width\":1366,\"height\":1594},{\"@type\":\"BreadcrumbList\",\"@id\":\"https:\\\/\\\/gimnasticdetarragona.cat\\\/es\\\/carla-plana-bicampiona-despanya\\\/#breadcrumb\",\"itemListElement\":[{\"@type\":\"ListItem\",\"position\":1,\"name\":\"Inici\",\"item\":\"https:\\\/\\\/gimnasticdetarragona.cat\\\/es\\\/nastic\\\/\"},{\"@type\":\"ListItem\",\"position\":2,\"name\":\"Carla Plana, bicampeona de Espa\u00f1a\"}]},{\"@type\":\"WebSite\",\"@id\":\"https:\\\/\\\/gimnasticdetarragona.cat\\\/es\\\/#website\",\"url\":\"https:\\\/\\\/gimnasticdetarragona.cat\\\/es\\\/\",\"name\":\"Gimn\u00e0stic de Tarragona SAD\",\"description\":\"Gimn\u00e0stic de Tarragona\",\"publisher\":{\"@id\":\"https:\\\/\\\/gimnasticdetarragona.cat\\\/es\\\/#organization\"},\"potentialAction\":[{\"@type\":\"SearchAction\",\"target\":{\"@type\":\"EntryPoint\",\"urlTemplate\":\"https:\\\/\\\/gimnasticdetarragona.cat\\\/es\\\/?s={search_term_string}\"},\"query-input\":{\"@type\":\"PropertyValueSpecification\",\"valueRequired\":true,\"valueName\":\"search_term_string\"}}],\"inLanguage\":\"es\"},{\"@type\":\"Organization\",\"@id\":\"https:\\\/\\\/gimnasticdetarragona.cat\\\/es\\\/#organization\",\"name\":\"GIMN\u00c0STIC DE TARRAGONA\",\"alternateName\":\"N\u00c0STIC\",\"url\":\"https:\\\/\\\/gimnasticdetarragona.cat\\\/es\\\/\",\"logo\":{\"@type\":\"ImageObject\",\"inLanguage\":\"es\",\"@id\":\"https:\\\/\\\/gimnasticdetarragona.cat\\\/es\\\/#\\\/schema\\\/logo\\\/image\\\/\",\"url\":\"https:\\\/\\\/gimnasticdetarragona.cat\\\/wp-content\\\/uploads\\\/2022\\\/06\\\/cropped-logo-gimnastic.png\",\"contentUrl\":\"https:\\\/\\\/gimnasticdetarragona.cat\\\/wp-content\\\/uploads\\\/2022\\\/06\\\/cropped-logo-gimnastic.png\",\"width\":224,\"height\":83,\"caption\":\"GIMN\u00c0STIC DE TARRAGONA\"},\"image\":{\"@id\":\"https:\\\/\\\/gimnasticdetarragona.cat\\\/es\\\/#\\\/schema\\\/logo\\\/image\\\/\"},\"sameAs\":[\"https:\\\/\\\/x.com\\\/NASTICTARRAGONA\",\"https:\\\/\\\/www.instagram.com\\\/nastictarragona\\\/\"]},{\"@type\":\"Person\",\"@id\":\"https:\\\/\\\/gimnasticdetarragona.cat\\\/es\\\/#\\\/schema\\\/person\\\/0a9b7103e7dd73640eb245c4aa4afb8d\",\"name\":\"Comunicacion\"}]}<\/script>\n<!-- \/ Yoast SEO plugin. -->","yoast_head_json":{"title":"Carla Plana, bicampeona de Espa\u00f1a - Gimn\u00e0stic de Tarragona SAD","robots":{"index":"index","follow":"follow","max-snippet":"max-snippet:-1","max-image-preview":"max-image-preview:large","max-video-preview":"max-video-preview:-1"},"canonical":"https:\/\/gimnasticdetarragona.cat\/es\/carla-plana-bicampiona-despanya\/","og_locale":"es_ES","og_type":"article","og_title":"Carla Plana, bicampeona de Espa\u00f1a - Gimn\u00e0stic de Tarragona SAD","og_description":"La patinadora del N\u00e0stic suma 2 oros, 2 platas y 1 bronce","og_url":"https:\/\/gimnasticdetarragona.cat\/es\/carla-plana-bicampiona-despanya\/","og_site_name":"Gimn\u00e0stic de Tarragona SAD","article_published_time":"2025-06-02T08:20:00+00:00","article_modified_time":"2025-06-05T17:51:20+00:00","og_image":[{"width":1366,"height":1594,"url":"https:\/\/gimnasticdetarragona.cat\/wp-content\/uploads\/2025\/06\/WhatsApp-Image-2025-06-02-at-19.26.102.jpg","type":"image\/jpeg"}],"author":"Comunicacion","twitter_card":"summary_large_image","twitter_creator":"@NASTICTARRAGONA","twitter_site":"@NASTICTARRAGONA","twitter_misc":{"Escrito por":"Comunicacion","Tiempo de lectura":"1 minuto"},"schema":{"@context":"https:\/\/schema.org","@graph":[{"@type":"Article","@id":"https:\/\/gimnasticdetarragona.cat\/es\/carla-plana-bicampiona-despanya\/#article","isPartOf":{"@id":"https:\/\/gimnasticdetarragona.cat\/es\/carla-plana-bicampiona-despanya\/"},"author":{"name":"Comunicacion","@id":"https:\/\/gimnasticdetarragona.cat\/es\/#\/schema\/person\/0a9b7103e7dd73640eb245c4aa4afb8d"},"headline":"Carla Plana, bicampeona de Espa\u00f1a","datePublished":"2025-06-02T08:20:00+00:00","dateModified":"2025-06-05T17:51:20+00:00","mainEntityOfPage":{"@id":"https:\/\/gimnasticdetarragona.cat\/es\/carla-plana-bicampiona-despanya\/"},"wordCount":218,"publisher":{"@id":"https:\/\/gimnasticdetarragona.cat\/es\/#organization"},"image":{"@id":"https:\/\/gimnasticdetarragona.cat\/es\/carla-plana-bicampiona-despanya\/#primaryimage"},"thumbnailUrl":"https:\/\/gimnasticdetarragona.cat\/wp-content\/uploads\/2025\/06\/WhatsApp-Image-2025-06-02-at-19.26.102.jpg","articleSection":["Actualidad","Secci\u00f3n Patinaje","Secciones","Secciones"],"inLanguage":"es"},{"@type":"WebPage","@id":"https:\/\/gimnasticdetarragona.cat\/es\/carla-plana-bicampiona-despanya\/","url":"https:\/\/gimnasticdetarragona.cat\/es\/carla-plana-bicampiona-despanya\/","name":"Carla Plana, bicampeona de Espa\u00f1a - Gimn\u00e0stic de Tarragona SAD","isPartOf":{"@id":"https:\/\/gimnasticdetarragona.cat\/es\/#website"},"primaryImageOfPage":{"@id":"https:\/\/gimnasticdetarragona.cat\/es\/carla-plana-bicampiona-despanya\/#primaryimage"},"image":{"@id":"https:\/\/gimnasticdetarragona.cat\/es\/carla-plana-bicampiona-despanya\/#primaryimage"},"thumbnailUrl":"https:\/\/gimnasticdetarragona.cat\/wp-content\/uploads\/2025\/06\/WhatsApp-Image-2025-06-02-at-19.26.102.jpg","datePublished":"2025-06-02T08:20:00+00:00","dateModified":"2025-06-05T17:51:20+00:00","breadcrumb":{"@id":"https:\/\/gimnasticdetarragona.cat\/es\/carla-plana-bicampiona-despanya\/#breadcrumb"},"inLanguage":"es","potentialAction":[{"@type":"ReadAction","target":["https:\/\/gimnasticdetarragona.cat\/es\/carla-plana-bicampiona-despanya\/"]}]},{"@type":"ImageObject","inLanguage":"es","@id":"https:\/\/gimnasticdetarragona.cat\/es\/carla-plana-bicampiona-despanya\/#primaryimage","url":"https:\/\/gimnasticdetarragona.cat\/wp-content\/uploads\/2025\/06\/WhatsApp-Image-2025-06-02-at-19.26.102.jpg","contentUrl":"https:\/\/gimnasticdetarragona.cat\/wp-content\/uploads\/2025\/06\/WhatsApp-Image-2025-06-02-at-19.26.102.jpg","width":1366,"height":1594},{"@type":"BreadcrumbList","@id":"https:\/\/gimnasticdetarragona.cat\/es\/carla-plana-bicampiona-despanya\/#breadcrumb","itemListElement":[{"@type":"ListItem","position":1,"name":"Inici","item":"https:\/\/gimnasticdetarragona.cat\/es\/nastic\/"},{"@type":"ListItem","position":2,"name":"Carla Plana, bicampeona de Espa\u00f1a"}]},{"@type":"WebSite","@id":"https:\/\/gimnasticdetarragona.cat\/es\/#website","url":"https:\/\/gimnasticdetarragona.cat\/es\/","name":"Gimn\u00e0stic de Tarragona SAD","description":"Gimn\u00e0stic de Tarragona","publisher":{"@id":"https:\/\/gimnasticdetarragona.cat\/es\/#organization"},"potentialAction":[{"@type":"SearchAction","target":{"@type":"EntryPoint","urlTemplate":"https:\/\/gimnasticdetarragona.cat\/es\/?s={search_term_string}"},"query-input":{"@type":"PropertyValueSpecification","valueRequired":true,"valueName":"search_term_string"}}],"inLanguage":"es"},{"@type":"Organization","@id":"https:\/\/gimnasticdetarragona.cat\/es\/#organization","name":"GIMN\u00c0STIC DE TARRAGONA","alternateName":"N\u00c0STIC","url":"https:\/\/gimnasticdetarragona.cat\/es\/","logo":{"@type":"ImageObject","inLanguage":"es","@id":"https:\/\/gimnasticdetarragona.cat\/es\/#\/schema\/logo\/image\/","url":"https:\/\/gimnasticdetarragona.cat\/wp-content\/uploads\/2022\/06\/cropped-logo-gimnastic.png","contentUrl":"https:\/\/gimnasticdetarragona.cat\/wp-content\/uploads\/2022\/06\/cropped-logo-gimnastic.png","width":224,"height":83,"caption":"GIMN\u00c0STIC DE TARRAGONA"},"image":{"@id":"https:\/\/gimnasticdetarragona.cat\/es\/#\/schema\/logo\/image\/"},"sameAs":["https:\/\/x.com\/NASTICTARRAGONA","https:\/\/www.instagram.com\/nastictarragona\/"]},{"@type":"Person","@id":"https:\/\/gimnasticdetarragona.cat\/es\/#\/schema\/person\/0a9b7103e7dd73640eb245c4aa4afb8d","name":"Comunicacion"}]}},"_links":{"self":[{"href":"https:\/\/gimnasticdetarragona.cat\/es\/wp-json\/wp\/v2\/posts\/99304","targetHints":{"allow":["GET"]}}],"collection":[{"href":"https:\/\/gimnasticdetarragona.cat\/es\/wp-json\/wp\/v2\/posts"}],"about":[{"href":"https:\/\/gimnasticdetarragona.cat\/es\/wp-json\/wp\/v2\/types\/post"}],"author":[{"embeddable":true,"href":"https:\/\/gimnasticdetarragona.cat\/es\/wp-json\/wp\/v2\/users\/7"}],"replies":[{"embeddable":true,"href":"https:\/\/gimnasticdetarragona.cat\/es\/wp-json\/wp\/v2\/comments?post=99304"}],"version-history":[{"count":2,"href":"https:\/\/gimnasticdetarragona.cat\/es\/wp-json\/wp\/v2\/posts\/99304\/revisions"}],"predecessor-version":[{"id":99309,"href":"https:\/\/gimnasticdetarragona.cat\/es\/wp-json\/wp\/v2\/posts\/99304\/revisions\/99309"}],"wp:featuredmedia":[{"embeddable":true,"href":"https:\/\/gimnasticdetarragona.cat\/es\/wp-json\/wp\/v2\/media\/99302"}],"wp:attachment":[{"href":"https:\/\/gimnasticdetarragona.cat\/es\/wp-json\/wp\/v2\/media?parent=99304"}],"wp:term":[{"taxonomy":"category","embeddable":true,"href":"https:\/\/gimnasticdetarragona.cat\/es\/wp-json\/wp\/v2\/categories?post=99304"},{"taxonomy":"post_tag","embeddable":true,"href":"https:\/\/gimnasticdetarragona.cat\/es\/wp-json\/wp\/v2\/tags?post=99304"}],"curies":[{"name":"wp","href":"https:\/\/api.w.org\/{rel}","templated":true}]}}