{"id":99432,"date":"2025-06-20T17:57:22","date_gmt":"2025-06-20T15:57:22","guid":{"rendered":"https:\/\/gimnasticdetarragona.cat\/?p=99432"},"modified":"2025-06-20T18:28:15","modified_gmt":"2025-06-20T16:28:15","slug":"informacio-per-a-la-marea-grana-a-zubieta","status":"publish","type":"post","link":"https:\/\/gimnasticdetarragona.cat\/es\/informacio-per-a-la-marea-grana-a-zubieta\/","title":{"rendered":"Informaci\u00f3n para la Marea Grana en Zubieta"},"content":{"rendered":"\n<p>El Gimn\u00e0stic de Tarragona ha gestionado un <strong>Espai N\u00e0stic<\/strong> <strong>en San Sebasti\u00e1n<\/strong> para que todos los nastiquers se puedan congregar en la previa de la final del play-off de ascenso a Segunda Divisi\u00f3n A.<\/p>\n\n\n\n<p>A las <strong>18.15 horas <\/strong>convocamos a la Marea Grana en el acceso a las instalaciones de Zubieta para <strong>recibir al primer equipo<\/strong> (18.30 h).<\/p>\n\n\n\n<p>La <strong>Fan Zone<\/strong> estar\u00e1 ubicada en <strong>Bugatti Erretegia<\/strong>, en las inmediaciones de Zubieta, donde todos los nastiquers sin entrada podr\u00e1n seguir el partido en una <strong>gran pantalla<\/strong>. Adem\u00e1s de reunirse todos en la previa.<\/p>\n\n\n\n<p>Para esta final, la Marea Grana la compondr\u00e1n un total de 6 autocares y numerosos nastiquers que se desplazar\u00e1n hasta San Sebasti\u00e1n en veh\u00edculos propios.<\/p>\n\n\n\n<p>Los 6 autocares de aficionados saldr\u00e1n el mismo domingo desde el Camp de Mart (10.45 h) y el Nou Estadi Costa Daurada (11 horas). La llegada a las instalaciones de Zubieta est\u00e1 prevista a las 18 horas.<\/p>\n","protected":false},"excerpt":{"rendered":"<p>Recibimiento al equipo y Fan Zone en las inmediaciones de las instalaciones deportivas de la Real Sociedad<\/p>\n","protected":false},"author":7,"featured_media":99430,"comment_status":"closed","ping_status":"closed","sticky":false,"template":"","format":"standard","meta":{"_acf_changed":false,"footnotes":""},"categories":[113,114,125,126,139,138],"tags":[],"class_list":["post-99432","post","type-post","status-publish","format-standard","has-post-thumbnail","hentry","category-actualidad","category-aficion","category-penas","category-primer-equipo","category-social","category-socio"],"acf":[],"yoast_head":"<!-- This site is optimized with the Yoast SEO plugin v27.3 - https:\/\/yoast.com\/product\/yoast-seo-wordpress\/ -->\n<title>Informaci\u00f3n para la Marea Grana en Zubieta - Gimn\u00e0stic de Tarragona SAD<\/title>\n<meta name=\"robots\" content=\"index, follow, max-snippet:-1, max-image-preview:large, max-video-preview:-1\" \/>\n<link rel=\"canonical\" href=\"https:\/\/gimnasticdetarragona.cat\/es\/informacio-per-a-la-marea-grana-a-zubieta\/\" \/>\n<meta property=\"og:locale\" content=\"es_ES\" \/>\n<meta property=\"og:type\" content=\"article\" \/>\n<meta property=\"og:title\" content=\"Informaci\u00f3n para la Marea Grana en Zubieta - Gimn\u00e0stic de Tarragona SAD\" \/>\n<meta property=\"og:description\" content=\"Recibimiento al equipo y Fan Zone en las inmediaciones de las instalaciones deportivas de la Real Sociedad\" \/>\n<meta property=\"og:url\" content=\"https:\/\/gimnasticdetarragona.cat\/es\/informacio-per-a-la-marea-grana-a-zubieta\/\" \/>\n<meta property=\"og:site_name\" content=\"Gimn\u00e0stic de Tarragona SAD\" \/>\n<meta property=\"article:published_time\" content=\"2025-06-20T15:57:22+00:00\" \/>\n<meta property=\"article:modified_time\" content=\"2025-06-20T16:28:15+00:00\" \/>\n<meta property=\"og:image\" content=\"https:\/\/gimnasticdetarragona.cat\/wp-content\/uploads\/2025\/06\/aeri-zubieta.jpg\" \/>\n\t<meta property=\"og:image:width\" content=\"1020\" \/>\n\t<meta property=\"og:image:height\" content=\"720\" \/>\n\t<meta property=\"og:image:type\" content=\"image\/jpeg\" \/>\n<meta name=\"author\" content=\"Comunicacion\" \/>\n<meta name=\"twitter:card\" content=\"summary_large_image\" \/>\n<meta name=\"twitter:creator\" content=\"@NASTICTARRAGONA\" \/>\n<meta name=\"twitter:site\" content=\"@NASTICTARRAGONA\" \/>\n<meta name=\"twitter:label1\" content=\"Escrito por\" \/>\n\t<meta name=\"twitter:data1\" content=\"Comunicacion\" \/>\n\t<meta name=\"twitter:label2\" content=\"Tiempo de lectura\" \/>\n\t<meta name=\"twitter:data2\" content=\"1 minuto\" \/>\n<script type=\"application\/ld+json\" class=\"yoast-schema-graph\">{\"@context\":\"https:\\\/\\\/schema.org\",\"@graph\":[{\"@type\":\"Article\",\"@id\":\"https:\\\/\\\/gimnasticdetarragona.cat\\\/es\\\/informacio-per-a-la-marea-grana-a-zubieta\\\/#article\",\"isPartOf\":{\"@id\":\"https:\\\/\\\/gimnasticdetarragona.cat\\\/es\\\/informacio-per-a-la-marea-grana-a-zubieta\\\/\"},\"author\":{\"name\":\"Comunicacion\",\"@id\":\"https:\\\/\\\/gimnasticdetarragona.cat\\\/es\\\/#\\\/schema\\\/person\\\/0a9b7103e7dd73640eb245c4aa4afb8d\"},\"headline\":\"Informaci\u00f3n para la Marea Grana en Zubieta\",\"datePublished\":\"2025-06-20T15:57:22+00:00\",\"dateModified\":\"2025-06-20T16:28:15+00:00\",\"mainEntityOfPage\":{\"@id\":\"https:\\\/\\\/gimnasticdetarragona.cat\\\/es\\\/informacio-per-a-la-marea-grana-a-zubieta\\\/\"},\"wordCount\":166,\"publisher\":{\"@id\":\"https:\\\/\\\/gimnasticdetarragona.cat\\\/es\\\/#organization\"},\"image\":{\"@id\":\"https:\\\/\\\/gimnasticdetarragona.cat\\\/es\\\/informacio-per-a-la-marea-grana-a-zubieta\\\/#primaryimage\"},\"thumbnailUrl\":\"https:\\\/\\\/gimnasticdetarragona.cat\\\/wp-content\\\/uploads\\\/2025\\\/06\\\/aeri-zubieta.jpg\",\"articleSection\":[\"Actualidad\",\"Afici\u00f3n\",\"Pe\u00f1as\",\"Primer Equipo\",\"Social\",\"Socio\"],\"inLanguage\":\"es\"},{\"@type\":\"WebPage\",\"@id\":\"https:\\\/\\\/gimnasticdetarragona.cat\\\/es\\\/informacio-per-a-la-marea-grana-a-zubieta\\\/\",\"url\":\"https:\\\/\\\/gimnasticdetarragona.cat\\\/es\\\/informacio-per-a-la-marea-grana-a-zubieta\\\/\",\"name\":\"Informaci\u00f3n para la Marea Grana en Zubieta - Gimn\u00e0stic de Tarragona SAD\",\"isPartOf\":{\"@id\":\"https:\\\/\\\/gimnasticdetarragona.cat\\\/es\\\/#website\"},\"primaryImageOfPage\":{\"@id\":\"https:\\\/\\\/gimnasticdetarragona.cat\\\/es\\\/informacio-per-a-la-marea-grana-a-zubieta\\\/#primaryimage\"},\"image\":{\"@id\":\"https:\\\/\\\/gimnasticdetarragona.cat\\\/es\\\/informacio-per-a-la-marea-grana-a-zubieta\\\/#primaryimage\"},\"thumbnailUrl\":\"https:\\\/\\\/gimnasticdetarragona.cat\\\/wp-content\\\/uploads\\\/2025\\\/06\\\/aeri-zubieta.jpg\",\"datePublished\":\"2025-06-20T15:57:22+00:00\",\"dateModified\":\"2025-06-20T16:28:15+00:00\",\"breadcrumb\":{\"@id\":\"https:\\\/\\\/gimnasticdetarragona.cat\\\/es\\\/informacio-per-a-la-marea-grana-a-zubieta\\\/#breadcrumb\"},\"inLanguage\":\"es\",\"potentialAction\":[{\"@type\":\"ReadAction\",\"target\":[\"https:\\\/\\\/gimnasticdetarragona.cat\\\/es\\\/informacio-per-a-la-marea-grana-a-zubieta\\\/\"]}]},{\"@type\":\"ImageObject\",\"inLanguage\":\"es\",\"@id\":\"https:\\\/\\\/gimnasticdetarragona.cat\\\/es\\\/informacio-per-a-la-marea-grana-a-zubieta\\\/#primaryimage\",\"url\":\"https:\\\/\\\/gimnasticdetarragona.cat\\\/wp-content\\\/uploads\\\/2025\\\/06\\\/aeri-zubieta.jpg\",\"contentUrl\":\"https:\\\/\\\/gimnasticdetarragona.cat\\\/wp-content\\\/uploads\\\/2025\\\/06\\\/aeri-zubieta.jpg\",\"width\":1020,\"height\":720},{\"@type\":\"BreadcrumbList\",\"@id\":\"https:\\\/\\\/gimnasticdetarragona.cat\\\/es\\\/informacio-per-a-la-marea-grana-a-zubieta\\\/#breadcrumb\",\"itemListElement\":[{\"@type\":\"ListItem\",\"position\":1,\"name\":\"Inici\",\"item\":\"https:\\\/\\\/gimnasticdetarragona.cat\\\/es\\\/nastic\\\/\"},{\"@type\":\"ListItem\",\"position\":2,\"name\":\"Informaci\u00f3n para la Marea Grana en Zubieta\"}]},{\"@type\":\"WebSite\",\"@id\":\"https:\\\/\\\/gimnasticdetarragona.cat\\\/es\\\/#website\",\"url\":\"https:\\\/\\\/gimnasticdetarragona.cat\\\/es\\\/\",\"name\":\"Gimn\u00e0stic de Tarragona SAD\",\"description\":\"Gimn\u00e0stic de Tarragona\",\"publisher\":{\"@id\":\"https:\\\/\\\/gimnasticdetarragona.cat\\\/es\\\/#organization\"},\"potentialAction\":[{\"@type\":\"SearchAction\",\"target\":{\"@type\":\"EntryPoint\",\"urlTemplate\":\"https:\\\/\\\/gimnasticdetarragona.cat\\\/es\\\/?s={search_term_string}\"},\"query-input\":{\"@type\":\"PropertyValueSpecification\",\"valueRequired\":true,\"valueName\":\"search_term_string\"}}],\"inLanguage\":\"es\"},{\"@type\":\"Organization\",\"@id\":\"https:\\\/\\\/gimnasticdetarragona.cat\\\/es\\\/#organization\",\"name\":\"GIMN\u00c0STIC DE TARRAGONA\",\"alternateName\":\"N\u00c0STIC\",\"url\":\"https:\\\/\\\/gimnasticdetarragona.cat\\\/es\\\/\",\"logo\":{\"@type\":\"ImageObject\",\"inLanguage\":\"es\",\"@id\":\"https:\\\/\\\/gimnasticdetarragona.cat\\\/es\\\/#\\\/schema\\\/logo\\\/image\\\/\",\"url\":\"https:\\\/\\\/gimnasticdetarragona.cat\\\/wp-content\\\/uploads\\\/2022\\\/06\\\/cropped-logo-gimnastic.png\",\"contentUrl\":\"https:\\\/\\\/gimnasticdetarragona.cat\\\/wp-content\\\/uploads\\\/2022\\\/06\\\/cropped-logo-gimnastic.png\",\"width\":224,\"height\":83,\"caption\":\"GIMN\u00c0STIC DE TARRAGONA\"},\"image\":{\"@id\":\"https:\\\/\\\/gimnasticdetarragona.cat\\\/es\\\/#\\\/schema\\\/logo\\\/image\\\/\"},\"sameAs\":[\"https:\\\/\\\/x.com\\\/NASTICTARRAGONA\",\"https:\\\/\\\/www.instagram.com\\\/nastictarragona\\\/\"]},{\"@type\":\"Person\",\"@id\":\"https:\\\/\\\/gimnasticdetarragona.cat\\\/es\\\/#\\\/schema\\\/person\\\/0a9b7103e7dd73640eb245c4aa4afb8d\",\"name\":\"Comunicacion\"}]}<\/script>\n<!-- \/ Yoast SEO plugin. -->","yoast_head_json":{"title":"Informaci\u00f3n para la Marea Grana en Zubieta - Gimn\u00e0stic de Tarragona SAD","robots":{"index":"index","follow":"follow","max-snippet":"max-snippet:-1","max-image-preview":"max-image-preview:large","max-video-preview":"max-video-preview:-1"},"canonical":"https:\/\/gimnasticdetarragona.cat\/es\/informacio-per-a-la-marea-grana-a-zubieta\/","og_locale":"es_ES","og_type":"article","og_title":"Informaci\u00f3n para la Marea Grana en Zubieta - Gimn\u00e0stic de Tarragona SAD","og_description":"Recibimiento al equipo y Fan Zone en las inmediaciones de las instalaciones deportivas de la Real Sociedad","og_url":"https:\/\/gimnasticdetarragona.cat\/es\/informacio-per-a-la-marea-grana-a-zubieta\/","og_site_name":"Gimn\u00e0stic de Tarragona SAD","article_published_time":"2025-06-20T15:57:22+00:00","article_modified_time":"2025-06-20T16:28:15+00:00","og_image":[{"width":1020,"height":720,"url":"https:\/\/gimnasticdetarragona.cat\/wp-content\/uploads\/2025\/06\/aeri-zubieta.jpg","type":"image\/jpeg"}],"author":"Comunicacion","twitter_card":"summary_large_image","twitter_creator":"@NASTICTARRAGONA","twitter_site":"@NASTICTARRAGONA","twitter_misc":{"Escrito por":"Comunicacion","Tiempo de lectura":"1 minuto"},"schema":{"@context":"https:\/\/schema.org","@graph":[{"@type":"Article","@id":"https:\/\/gimnasticdetarragona.cat\/es\/informacio-per-a-la-marea-grana-a-zubieta\/#article","isPartOf":{"@id":"https:\/\/gimnasticdetarragona.cat\/es\/informacio-per-a-la-marea-grana-a-zubieta\/"},"author":{"name":"Comunicacion","@id":"https:\/\/gimnasticdetarragona.cat\/es\/#\/schema\/person\/0a9b7103e7dd73640eb245c4aa4afb8d"},"headline":"Informaci\u00f3n para la Marea Grana en Zubieta","datePublished":"2025-06-20T15:57:22+00:00","dateModified":"2025-06-20T16:28:15+00:00","mainEntityOfPage":{"@id":"https:\/\/gimnasticdetarragona.cat\/es\/informacio-per-a-la-marea-grana-a-zubieta\/"},"wordCount":166,"publisher":{"@id":"https:\/\/gimnasticdetarragona.cat\/es\/#organization"},"image":{"@id":"https:\/\/gimnasticdetarragona.cat\/es\/informacio-per-a-la-marea-grana-a-zubieta\/#primaryimage"},"thumbnailUrl":"https:\/\/gimnasticdetarragona.cat\/wp-content\/uploads\/2025\/06\/aeri-zubieta.jpg","articleSection":["Actualidad","Afici\u00f3n","Pe\u00f1as","Primer Equipo","Social","Socio"],"inLanguage":"es"},{"@type":"WebPage","@id":"https:\/\/gimnasticdetarragona.cat\/es\/informacio-per-a-la-marea-grana-a-zubieta\/","url":"https:\/\/gimnasticdetarragona.cat\/es\/informacio-per-a-la-marea-grana-a-zubieta\/","name":"Informaci\u00f3n para la Marea Grana en Zubieta - Gimn\u00e0stic de Tarragona SAD","isPartOf":{"@id":"https:\/\/gimnasticdetarragona.cat\/es\/#website"},"primaryImageOfPage":{"@id":"https:\/\/gimnasticdetarragona.cat\/es\/informacio-per-a-la-marea-grana-a-zubieta\/#primaryimage"},"image":{"@id":"https:\/\/gimnasticdetarragona.cat\/es\/informacio-per-a-la-marea-grana-a-zubieta\/#primaryimage"},"thumbnailUrl":"https:\/\/gimnasticdetarragona.cat\/wp-content\/uploads\/2025\/06\/aeri-zubieta.jpg","datePublished":"2025-06-20T15:57:22+00:00","dateModified":"2025-06-20T16:28:15+00:00","breadcrumb":{"@id":"https:\/\/gimnasticdetarragona.cat\/es\/informacio-per-a-la-marea-grana-a-zubieta\/#breadcrumb"},"inLanguage":"es","potentialAction":[{"@type":"ReadAction","target":["https:\/\/gimnasticdetarragona.cat\/es\/informacio-per-a-la-marea-grana-a-zubieta\/"]}]},{"@type":"ImageObject","inLanguage":"es","@id":"https:\/\/gimnasticdetarragona.cat\/es\/informacio-per-a-la-marea-grana-a-zubieta\/#primaryimage","url":"https:\/\/gimnasticdetarragona.cat\/wp-content\/uploads\/2025\/06\/aeri-zubieta.jpg","contentUrl":"https:\/\/gimnasticdetarragona.cat\/wp-content\/uploads\/2025\/06\/aeri-zubieta.jpg","width":1020,"height":720},{"@type":"BreadcrumbList","@id":"https:\/\/gimnasticdetarragona.cat\/es\/informacio-per-a-la-marea-grana-a-zubieta\/#breadcrumb","itemListElement":[{"@type":"ListItem","position":1,"name":"Inici","item":"https:\/\/gimnasticdetarragona.cat\/es\/nastic\/"},{"@type":"ListItem","position":2,"name":"Informaci\u00f3n para la Marea Grana en Zubieta"}]},{"@type":"WebSite","@id":"https:\/\/gimnasticdetarragona.cat\/es\/#website","url":"https:\/\/gimnasticdetarragona.cat\/es\/","name":"Gimn\u00e0stic de Tarragona SAD","description":"Gimn\u00e0stic de Tarragona","publisher":{"@id":"https:\/\/gimnasticdetarragona.cat\/es\/#organization"},"potentialAction":[{"@type":"SearchAction","target":{"@type":"EntryPoint","urlTemplate":"https:\/\/gimnasticdetarragona.cat\/es\/?s={search_term_string}"},"query-input":{"@type":"PropertyValueSpecification","valueRequired":true,"valueName":"search_term_string"}}],"inLanguage":"es"},{"@type":"Organization","@id":"https:\/\/gimnasticdetarragona.cat\/es\/#organization","name":"GIMN\u00c0STIC DE TARRAGONA","alternateName":"N\u00c0STIC","url":"https:\/\/gimnasticdetarragona.cat\/es\/","logo":{"@type":"ImageObject","inLanguage":"es","@id":"https:\/\/gimnasticdetarragona.cat\/es\/#\/schema\/logo\/image\/","url":"https:\/\/gimnasticdetarragona.cat\/wp-content\/uploads\/2022\/06\/cropped-logo-gimnastic.png","contentUrl":"https:\/\/gimnasticdetarragona.cat\/wp-content\/uploads\/2022\/06\/cropped-logo-gimnastic.png","width":224,"height":83,"caption":"GIMN\u00c0STIC DE TARRAGONA"},"image":{"@id":"https:\/\/gimnasticdetarragona.cat\/es\/#\/schema\/logo\/image\/"},"sameAs":["https:\/\/x.com\/NASTICTARRAGONA","https:\/\/www.instagram.com\/nastictarragona\/"]},{"@type":"Person","@id":"https:\/\/gimnasticdetarragona.cat\/es\/#\/schema\/person\/0a9b7103e7dd73640eb245c4aa4afb8d","name":"Comunicacion"}]}},"_links":{"self":[{"href":"https:\/\/gimnasticdetarragona.cat\/es\/wp-json\/wp\/v2\/posts\/99432","targetHints":{"allow":["GET"]}}],"collection":[{"href":"https:\/\/gimnasticdetarragona.cat\/es\/wp-json\/wp\/v2\/posts"}],"about":[{"href":"https:\/\/gimnasticdetarragona.cat\/es\/wp-json\/wp\/v2\/types\/post"}],"author":[{"embeddable":true,"href":"https:\/\/gimnasticdetarragona.cat\/es\/wp-json\/wp\/v2\/users\/7"}],"replies":[{"embeddable":true,"href":"https:\/\/gimnasticdetarragona.cat\/es\/wp-json\/wp\/v2\/comments?post=99432"}],"version-history":[{"count":2,"href":"https:\/\/gimnasticdetarragona.cat\/es\/wp-json\/wp\/v2\/posts\/99432\/revisions"}],"predecessor-version":[{"id":99435,"href":"https:\/\/gimnasticdetarragona.cat\/es\/wp-json\/wp\/v2\/posts\/99432\/revisions\/99435"}],"wp:featuredmedia":[{"embeddable":true,"href":"https:\/\/gimnasticdetarragona.cat\/es\/wp-json\/wp\/v2\/media\/99430"}],"wp:attachment":[{"href":"https:\/\/gimnasticdetarragona.cat\/es\/wp-json\/wp\/v2\/media?parent=99432"}],"wp:term":[{"taxonomy":"category","embeddable":true,"href":"https:\/\/gimnasticdetarragona.cat\/es\/wp-json\/wp\/v2\/categories?post=99432"},{"taxonomy":"post_tag","embeddable":true,"href":"https:\/\/gimnasticdetarragona.cat\/es\/wp-json\/wp\/v2\/tags?post=99432"}],"curies":[{"name":"wp","href":"https:\/\/api.w.org\/{rel}","templated":true}]}}