{"id":99505,"date":"2025-06-30T13:15:02","date_gmt":"2025-06-30T11:15:02","guid":{"rendered":"https:\/\/gimnasticdetarragona.cat\/?p=99505"},"modified":"2025-06-30T13:33:46","modified_gmt":"2025-06-30T11:33:46","slug":"dani-rebollo-continuara-defendiendo-la-porteria-grana","status":"publish","type":"post","link":"https:\/\/gimnasticdetarragona.cat\/es\/dani-rebollo-continuara-defendiendo-la-porteria-grana\/","title":{"rendered":"Dani Rebollo continuar\u00e1 defendiendo la porter\u00eda grana"},"content":{"rendered":"\n<p><strong>Renovaci\u00f3n para el nuevo curso 2025-2026<\/strong><\/p>\n\n\n\n<p>El guardameta Daniel Rebollo Franco renueva autom\u00e1ticamente para la pr\u00f3xima temporada tras alcanzar los partidos estipulados en su contrato 2024-2025 con el Gimn\u00e0stic de Tarragona.<\/p>\n\n\n\n<p><br>Despu\u00e9s de 23 partidos oficiales en su primera temporada en Tarragona, el portero natural de Lepe seguir\u00e1 defendiendo el escudo del N\u00e0stic en esta nueva campa\u00f1a 25\/26.<\/p>\n\n\n\n<p><br>Dani Rebollo iniciar\u00e1 la pretemporada junto al resto de compa\u00f1eros. En los pr\u00f3ximos d\u00edas se anunciar\u00e1 la fecha programada para comenzar la preparaci\u00f3n.<\/p>\n\n\n\n<p><\/p>\n","protected":false},"excerpt":{"rendered":"<p>Renovaci\u00f3n para el nuevo curso 2025-2026 El guardameta Daniel Rebollo Franco renueva autom\u00e1ticamente para la pr\u00f3xima temporada tras alcanzar los partidos estipulados en su contrato 2024-2025 con el Gimn\u00e0stic de Tarragona. Despu\u00e9s de 23 partidos oficiales en su primera temporada en Tarragona, el portero natural de Lepe seguir\u00e1 defendiendo el escudo del N\u00e0stic en esta [&hellip;]<\/p>\n","protected":false},"author":7,"featured_media":99503,"comment_status":"closed","ping_status":"closed","sticky":false,"template":"","format":"standard","meta":{"_acf_changed":false,"footnotes":""},"categories":[113,126],"tags":[],"class_list":["post-99505","post","type-post","status-publish","format-standard","has-post-thumbnail","hentry","category-actualidad","category-primer-equipo"],"acf":[],"yoast_head":"<!-- This site is optimized with the Yoast SEO plugin v27.3 - https:\/\/yoast.com\/product\/yoast-seo-wordpress\/ -->\n<title>Dani Rebollo continuar\u00e1 defendiendo la porter\u00eda grana - Gimn\u00e0stic de Tarragona SAD<\/title>\n<meta name=\"robots\" content=\"index, follow, max-snippet:-1, max-image-preview:large, max-video-preview:-1\" \/>\n<link rel=\"canonical\" href=\"https:\/\/gimnasticdetarragona.cat\/es\/dani-rebollo-continuara-defendiendo-la-porteria-grana\/\" \/>\n<meta property=\"og:locale\" content=\"es_ES\" \/>\n<meta property=\"og:type\" content=\"article\" \/>\n<meta property=\"og:title\" content=\"Dani Rebollo continuar\u00e1 defendiendo la porter\u00eda grana - Gimn\u00e0stic de Tarragona SAD\" \/>\n<meta property=\"og:description\" content=\"Renovaci\u00f3n para el nuevo curso 2025-2026 El guardameta Daniel Rebollo Franco renueva autom\u00e1ticamente para la pr\u00f3xima temporada tras alcanzar los partidos estipulados en su contrato 2024-2025 con el Gimn\u00e0stic de Tarragona. Despu\u00e9s de 23 partidos oficiales en su primera temporada en Tarragona, el portero natural de Lepe seguir\u00e1 defendiendo el escudo del N\u00e0stic en esta [&hellip;]\" \/>\n<meta property=\"og:url\" content=\"https:\/\/gimnasticdetarragona.cat\/es\/dani-rebollo-continuara-defendiendo-la-porteria-grana\/\" \/>\n<meta property=\"og:site_name\" content=\"Gimn\u00e0stic de Tarragona SAD\" \/>\n<meta property=\"article:published_time\" content=\"2025-06-30T11:15:02+00:00\" \/>\n<meta property=\"article:modified_time\" content=\"2025-06-30T11:33:46+00:00\" \/>\n<meta property=\"og:image\" content=\"https:\/\/gimnasticdetarragona.cat\/wp-content\/uploads\/2025\/06\/Imagen-de-WhatsApp-2025-06-30-a-las-12.30.21_548a66bb.jpg\" \/>\n\t<meta property=\"og:image:width\" content=\"1466\" \/>\n\t<meta property=\"og:image:height\" content=\"1600\" \/>\n\t<meta property=\"og:image:type\" content=\"image\/jpeg\" \/>\n<meta name=\"author\" content=\"Comunicacion\" \/>\n<meta name=\"twitter:card\" content=\"summary_large_image\" \/>\n<meta name=\"twitter:creator\" content=\"@NASTICTARRAGONA\" \/>\n<meta name=\"twitter:site\" content=\"@NASTICTARRAGONA\" \/>\n<meta name=\"twitter:label1\" content=\"Escrito por\" \/>\n\t<meta name=\"twitter:data1\" content=\"Comunicacion\" \/>\n<script type=\"application\/ld+json\" class=\"yoast-schema-graph\">{\"@context\":\"https:\\\/\\\/schema.org\",\"@graph\":[{\"@type\":\"Article\",\"@id\":\"https:\\\/\\\/gimnasticdetarragona.cat\\\/es\\\/dani-rebollo-continuara-defendiendo-la-porteria-grana\\\/#article\",\"isPartOf\":{\"@id\":\"https:\\\/\\\/gimnasticdetarragona.cat\\\/es\\\/dani-rebollo-continuara-defendiendo-la-porteria-grana\\\/\"},\"author\":{\"name\":\"Comunicacion\",\"@id\":\"https:\\\/\\\/gimnasticdetarragona.cat\\\/es\\\/#\\\/schema\\\/person\\\/0a9b7103e7dd73640eb245c4aa4afb8d\"},\"headline\":\"Dani Rebollo continuar\u00e1 defendiendo la porter\u00eda grana\",\"datePublished\":\"2025-06-30T11:15:02+00:00\",\"dateModified\":\"2025-06-30T11:33:46+00:00\",\"mainEntityOfPage\":{\"@id\":\"https:\\\/\\\/gimnasticdetarragona.cat\\\/es\\\/dani-rebollo-continuara-defendiendo-la-porteria-grana\\\/\"},\"wordCount\":98,\"publisher\":{\"@id\":\"https:\\\/\\\/gimnasticdetarragona.cat\\\/es\\\/#organization\"},\"image\":{\"@id\":\"https:\\\/\\\/gimnasticdetarragona.cat\\\/es\\\/dani-rebollo-continuara-defendiendo-la-porteria-grana\\\/#primaryimage\"},\"thumbnailUrl\":\"https:\\\/\\\/gimnasticdetarragona.cat\\\/wp-content\\\/uploads\\\/2025\\\/06\\\/Imagen-de-WhatsApp-2025-06-30-a-las-12.30.21_548a66bb.jpg\",\"articleSection\":[\"Actualidad\",\"Primer Equipo\"],\"inLanguage\":\"es\"},{\"@type\":\"WebPage\",\"@id\":\"https:\\\/\\\/gimnasticdetarragona.cat\\\/es\\\/dani-rebollo-continuara-defendiendo-la-porteria-grana\\\/\",\"url\":\"https:\\\/\\\/gimnasticdetarragona.cat\\\/es\\\/dani-rebollo-continuara-defendiendo-la-porteria-grana\\\/\",\"name\":\"Dani Rebollo continuar\u00e1 defendiendo la porter\u00eda grana - Gimn\u00e0stic de Tarragona SAD\",\"isPartOf\":{\"@id\":\"https:\\\/\\\/gimnasticdetarragona.cat\\\/es\\\/#website\"},\"primaryImageOfPage\":{\"@id\":\"https:\\\/\\\/gimnasticdetarragona.cat\\\/es\\\/dani-rebollo-continuara-defendiendo-la-porteria-grana\\\/#primaryimage\"},\"image\":{\"@id\":\"https:\\\/\\\/gimnasticdetarragona.cat\\\/es\\\/dani-rebollo-continuara-defendiendo-la-porteria-grana\\\/#primaryimage\"},\"thumbnailUrl\":\"https:\\\/\\\/gimnasticdetarragona.cat\\\/wp-content\\\/uploads\\\/2025\\\/06\\\/Imagen-de-WhatsApp-2025-06-30-a-las-12.30.21_548a66bb.jpg\",\"datePublished\":\"2025-06-30T11:15:02+00:00\",\"dateModified\":\"2025-06-30T11:33:46+00:00\",\"breadcrumb\":{\"@id\":\"https:\\\/\\\/gimnasticdetarragona.cat\\\/es\\\/dani-rebollo-continuara-defendiendo-la-porteria-grana\\\/#breadcrumb\"},\"inLanguage\":\"es\",\"potentialAction\":[{\"@type\":\"ReadAction\",\"target\":[\"https:\\\/\\\/gimnasticdetarragona.cat\\\/es\\\/dani-rebollo-continuara-defendiendo-la-porteria-grana\\\/\"]}]},{\"@type\":\"ImageObject\",\"inLanguage\":\"es\",\"@id\":\"https:\\\/\\\/gimnasticdetarragona.cat\\\/es\\\/dani-rebollo-continuara-defendiendo-la-porteria-grana\\\/#primaryimage\",\"url\":\"https:\\\/\\\/gimnasticdetarragona.cat\\\/wp-content\\\/uploads\\\/2025\\\/06\\\/Imagen-de-WhatsApp-2025-06-30-a-las-12.30.21_548a66bb.jpg\",\"contentUrl\":\"https:\\\/\\\/gimnasticdetarragona.cat\\\/wp-content\\\/uploads\\\/2025\\\/06\\\/Imagen-de-WhatsApp-2025-06-30-a-las-12.30.21_548a66bb.jpg\",\"width\":1466,\"height\":1600},{\"@type\":\"BreadcrumbList\",\"@id\":\"https:\\\/\\\/gimnasticdetarragona.cat\\\/es\\\/dani-rebollo-continuara-defendiendo-la-porteria-grana\\\/#breadcrumb\",\"itemListElement\":[{\"@type\":\"ListItem\",\"position\":1,\"name\":\"Inici\",\"item\":\"https:\\\/\\\/gimnasticdetarragona.cat\\\/es\\\/nastic\\\/\"},{\"@type\":\"ListItem\",\"position\":2,\"name\":\"Dani Rebollo continuar\u00e1 defendiendo la porter\u00eda grana\"}]},{\"@type\":\"WebSite\",\"@id\":\"https:\\\/\\\/gimnasticdetarragona.cat\\\/es\\\/#website\",\"url\":\"https:\\\/\\\/gimnasticdetarragona.cat\\\/es\\\/\",\"name\":\"Gimn\u00e0stic de Tarragona SAD\",\"description\":\"Gimn\u00e0stic de Tarragona\",\"publisher\":{\"@id\":\"https:\\\/\\\/gimnasticdetarragona.cat\\\/es\\\/#organization\"},\"potentialAction\":[{\"@type\":\"SearchAction\",\"target\":{\"@type\":\"EntryPoint\",\"urlTemplate\":\"https:\\\/\\\/gimnasticdetarragona.cat\\\/es\\\/?s={search_term_string}\"},\"query-input\":{\"@type\":\"PropertyValueSpecification\",\"valueRequired\":true,\"valueName\":\"search_term_string\"}}],\"inLanguage\":\"es\"},{\"@type\":\"Organization\",\"@id\":\"https:\\\/\\\/gimnasticdetarragona.cat\\\/es\\\/#organization\",\"name\":\"GIMN\u00c0STIC DE TARRAGONA\",\"alternateName\":\"N\u00c0STIC\",\"url\":\"https:\\\/\\\/gimnasticdetarragona.cat\\\/es\\\/\",\"logo\":{\"@type\":\"ImageObject\",\"inLanguage\":\"es\",\"@id\":\"https:\\\/\\\/gimnasticdetarragona.cat\\\/es\\\/#\\\/schema\\\/logo\\\/image\\\/\",\"url\":\"https:\\\/\\\/gimnasticdetarragona.cat\\\/wp-content\\\/uploads\\\/2022\\\/06\\\/cropped-logo-gimnastic.png\",\"contentUrl\":\"https:\\\/\\\/gimnasticdetarragona.cat\\\/wp-content\\\/uploads\\\/2022\\\/06\\\/cropped-logo-gimnastic.png\",\"width\":224,\"height\":83,\"caption\":\"GIMN\u00c0STIC DE TARRAGONA\"},\"image\":{\"@id\":\"https:\\\/\\\/gimnasticdetarragona.cat\\\/es\\\/#\\\/schema\\\/logo\\\/image\\\/\"},\"sameAs\":[\"https:\\\/\\\/x.com\\\/NASTICTARRAGONA\",\"https:\\\/\\\/www.instagram.com\\\/nastictarragona\\\/\"]},{\"@type\":\"Person\",\"@id\":\"https:\\\/\\\/gimnasticdetarragona.cat\\\/es\\\/#\\\/schema\\\/person\\\/0a9b7103e7dd73640eb245c4aa4afb8d\",\"name\":\"Comunicacion\"}]}<\/script>\n<!-- \/ Yoast SEO plugin. -->","yoast_head_json":{"title":"Dani Rebollo continuar\u00e1 defendiendo la porter\u00eda grana - Gimn\u00e0stic de Tarragona SAD","robots":{"index":"index","follow":"follow","max-snippet":"max-snippet:-1","max-image-preview":"max-image-preview:large","max-video-preview":"max-video-preview:-1"},"canonical":"https:\/\/gimnasticdetarragona.cat\/es\/dani-rebollo-continuara-defendiendo-la-porteria-grana\/","og_locale":"es_ES","og_type":"article","og_title":"Dani Rebollo continuar\u00e1 defendiendo la porter\u00eda grana - Gimn\u00e0stic de Tarragona SAD","og_description":"Renovaci\u00f3n para el nuevo curso 2025-2026 El guardameta Daniel Rebollo Franco renueva autom\u00e1ticamente para la pr\u00f3xima temporada tras alcanzar los partidos estipulados en su contrato 2024-2025 con el Gimn\u00e0stic de Tarragona. Despu\u00e9s de 23 partidos oficiales en su primera temporada en Tarragona, el portero natural de Lepe seguir\u00e1 defendiendo el escudo del N\u00e0stic en esta [&hellip;]","og_url":"https:\/\/gimnasticdetarragona.cat\/es\/dani-rebollo-continuara-defendiendo-la-porteria-grana\/","og_site_name":"Gimn\u00e0stic de Tarragona SAD","article_published_time":"2025-06-30T11:15:02+00:00","article_modified_time":"2025-06-30T11:33:46+00:00","og_image":[{"width":1466,"height":1600,"url":"https:\/\/gimnasticdetarragona.cat\/wp-content\/uploads\/2025\/06\/Imagen-de-WhatsApp-2025-06-30-a-las-12.30.21_548a66bb.jpg","type":"image\/jpeg"}],"author":"Comunicacion","twitter_card":"summary_large_image","twitter_creator":"@NASTICTARRAGONA","twitter_site":"@NASTICTARRAGONA","twitter_misc":{"Escrito por":"Comunicacion"},"schema":{"@context":"https:\/\/schema.org","@graph":[{"@type":"Article","@id":"https:\/\/gimnasticdetarragona.cat\/es\/dani-rebollo-continuara-defendiendo-la-porteria-grana\/#article","isPartOf":{"@id":"https:\/\/gimnasticdetarragona.cat\/es\/dani-rebollo-continuara-defendiendo-la-porteria-grana\/"},"author":{"name":"Comunicacion","@id":"https:\/\/gimnasticdetarragona.cat\/es\/#\/schema\/person\/0a9b7103e7dd73640eb245c4aa4afb8d"},"headline":"Dani Rebollo continuar\u00e1 defendiendo la porter\u00eda grana","datePublished":"2025-06-30T11:15:02+00:00","dateModified":"2025-06-30T11:33:46+00:00","mainEntityOfPage":{"@id":"https:\/\/gimnasticdetarragona.cat\/es\/dani-rebollo-continuara-defendiendo-la-porteria-grana\/"},"wordCount":98,"publisher":{"@id":"https:\/\/gimnasticdetarragona.cat\/es\/#organization"},"image":{"@id":"https:\/\/gimnasticdetarragona.cat\/es\/dani-rebollo-continuara-defendiendo-la-porteria-grana\/#primaryimage"},"thumbnailUrl":"https:\/\/gimnasticdetarragona.cat\/wp-content\/uploads\/2025\/06\/Imagen-de-WhatsApp-2025-06-30-a-las-12.30.21_548a66bb.jpg","articleSection":["Actualidad","Primer Equipo"],"inLanguage":"es"},{"@type":"WebPage","@id":"https:\/\/gimnasticdetarragona.cat\/es\/dani-rebollo-continuara-defendiendo-la-porteria-grana\/","url":"https:\/\/gimnasticdetarragona.cat\/es\/dani-rebollo-continuara-defendiendo-la-porteria-grana\/","name":"Dani Rebollo continuar\u00e1 defendiendo la porter\u00eda grana - Gimn\u00e0stic de Tarragona SAD","isPartOf":{"@id":"https:\/\/gimnasticdetarragona.cat\/es\/#website"},"primaryImageOfPage":{"@id":"https:\/\/gimnasticdetarragona.cat\/es\/dani-rebollo-continuara-defendiendo-la-porteria-grana\/#primaryimage"},"image":{"@id":"https:\/\/gimnasticdetarragona.cat\/es\/dani-rebollo-continuara-defendiendo-la-porteria-grana\/#primaryimage"},"thumbnailUrl":"https:\/\/gimnasticdetarragona.cat\/wp-content\/uploads\/2025\/06\/Imagen-de-WhatsApp-2025-06-30-a-las-12.30.21_548a66bb.jpg","datePublished":"2025-06-30T11:15:02+00:00","dateModified":"2025-06-30T11:33:46+00:00","breadcrumb":{"@id":"https:\/\/gimnasticdetarragona.cat\/es\/dani-rebollo-continuara-defendiendo-la-porteria-grana\/#breadcrumb"},"inLanguage":"es","potentialAction":[{"@type":"ReadAction","target":["https:\/\/gimnasticdetarragona.cat\/es\/dani-rebollo-continuara-defendiendo-la-porteria-grana\/"]}]},{"@type":"ImageObject","inLanguage":"es","@id":"https:\/\/gimnasticdetarragona.cat\/es\/dani-rebollo-continuara-defendiendo-la-porteria-grana\/#primaryimage","url":"https:\/\/gimnasticdetarragona.cat\/wp-content\/uploads\/2025\/06\/Imagen-de-WhatsApp-2025-06-30-a-las-12.30.21_548a66bb.jpg","contentUrl":"https:\/\/gimnasticdetarragona.cat\/wp-content\/uploads\/2025\/06\/Imagen-de-WhatsApp-2025-06-30-a-las-12.30.21_548a66bb.jpg","width":1466,"height":1600},{"@type":"BreadcrumbList","@id":"https:\/\/gimnasticdetarragona.cat\/es\/dani-rebollo-continuara-defendiendo-la-porteria-grana\/#breadcrumb","itemListElement":[{"@type":"ListItem","position":1,"name":"Inici","item":"https:\/\/gimnasticdetarragona.cat\/es\/nastic\/"},{"@type":"ListItem","position":2,"name":"Dani Rebollo continuar\u00e1 defendiendo la porter\u00eda grana"}]},{"@type":"WebSite","@id":"https:\/\/gimnasticdetarragona.cat\/es\/#website","url":"https:\/\/gimnasticdetarragona.cat\/es\/","name":"Gimn\u00e0stic de Tarragona SAD","description":"Gimn\u00e0stic de Tarragona","publisher":{"@id":"https:\/\/gimnasticdetarragona.cat\/es\/#organization"},"potentialAction":[{"@type":"SearchAction","target":{"@type":"EntryPoint","urlTemplate":"https:\/\/gimnasticdetarragona.cat\/es\/?s={search_term_string}"},"query-input":{"@type":"PropertyValueSpecification","valueRequired":true,"valueName":"search_term_string"}}],"inLanguage":"es"},{"@type":"Organization","@id":"https:\/\/gimnasticdetarragona.cat\/es\/#organization","name":"GIMN\u00c0STIC DE TARRAGONA","alternateName":"N\u00c0STIC","url":"https:\/\/gimnasticdetarragona.cat\/es\/","logo":{"@type":"ImageObject","inLanguage":"es","@id":"https:\/\/gimnasticdetarragona.cat\/es\/#\/schema\/logo\/image\/","url":"https:\/\/gimnasticdetarragona.cat\/wp-content\/uploads\/2022\/06\/cropped-logo-gimnastic.png","contentUrl":"https:\/\/gimnasticdetarragona.cat\/wp-content\/uploads\/2022\/06\/cropped-logo-gimnastic.png","width":224,"height":83,"caption":"GIMN\u00c0STIC DE TARRAGONA"},"image":{"@id":"https:\/\/gimnasticdetarragona.cat\/es\/#\/schema\/logo\/image\/"},"sameAs":["https:\/\/x.com\/NASTICTARRAGONA","https:\/\/www.instagram.com\/nastictarragona\/"]},{"@type":"Person","@id":"https:\/\/gimnasticdetarragona.cat\/es\/#\/schema\/person\/0a9b7103e7dd73640eb245c4aa4afb8d","name":"Comunicacion"}]}},"_links":{"self":[{"href":"https:\/\/gimnasticdetarragona.cat\/es\/wp-json\/wp\/v2\/posts\/99505","targetHints":{"allow":["GET"]}}],"collection":[{"href":"https:\/\/gimnasticdetarragona.cat\/es\/wp-json\/wp\/v2\/posts"}],"about":[{"href":"https:\/\/gimnasticdetarragona.cat\/es\/wp-json\/wp\/v2\/types\/post"}],"author":[{"embeddable":true,"href":"https:\/\/gimnasticdetarragona.cat\/es\/wp-json\/wp\/v2\/users\/7"}],"replies":[{"embeddable":true,"href":"https:\/\/gimnasticdetarragona.cat\/es\/wp-json\/wp\/v2\/comments?post=99505"}],"version-history":[{"count":3,"href":"https:\/\/gimnasticdetarragona.cat\/es\/wp-json\/wp\/v2\/posts\/99505\/revisions"}],"predecessor-version":[{"id":99511,"href":"https:\/\/gimnasticdetarragona.cat\/es\/wp-json\/wp\/v2\/posts\/99505\/revisions\/99511"}],"wp:featuredmedia":[{"embeddable":true,"href":"https:\/\/gimnasticdetarragona.cat\/es\/wp-json\/wp\/v2\/media\/99503"}],"wp:attachment":[{"href":"https:\/\/gimnasticdetarragona.cat\/es\/wp-json\/wp\/v2\/media?parent=99505"}],"wp:term":[{"taxonomy":"category","embeddable":true,"href":"https:\/\/gimnasticdetarragona.cat\/es\/wp-json\/wp\/v2\/categories?post=99505"},{"taxonomy":"post_tag","embeddable":true,"href":"https:\/\/gimnasticdetarragona.cat\/es\/wp-json\/wp\/v2\/tags?post=99505"}],"curies":[{"name":"wp","href":"https:\/\/api.w.org\/{rel}","templated":true}]}}