{"id":99519,"date":"2025-06-30T16:51:58","date_gmt":"2025-06-30T14:51:58","guid":{"rendered":"https:\/\/gimnasticdetarragona.cat\/?p=99519"},"modified":"2025-06-30T16:52:11","modified_gmt":"2025-06-30T14:52:11","slug":"noe-calleja-nuevo-director-deportivo-del-gimnastic-de-tarragona","status":"publish","type":"post","link":"https:\/\/gimnasticdetarragona.cat\/es\/noe-calleja-nuevo-director-deportivo-del-gimnastic-de-tarragona\/","title":{"rendered":"No\u00e9 Calleja, nuevo director deportivo del Gimn\u00e0stic de Tarragona"},"content":{"rendered":"\n<p>El Gimn\u00e0stic de Tarragona SAD ha llegado a un acuerdo con No\u00e9 Calleja Garc\u00eda para que se convierta en el nuevo director deportivo de la entidad grana. Calleja asumir\u00e1 la responsabilidad de dirigir el \u00e1rea deportiva del primer equipo y ha firmado un contrato para las pr\u00f3ximas dos temporadas.<\/p>\n\n\n\n<p><br>El nuevo responsable deportivo llega procedente del Getafe CF, donde ha ejercido como secretario t\u00e9cnico durante las \u00faltimas tres temporadas en Primera Divisi\u00f3n. Anteriormente, tambi\u00e9n hab\u00eda ocupado el mismo cargo en el Real Sporting de Gij\u00f3n y en el Levante UD, acumulando as\u00ed una amplia experiencia en la gesti\u00f3n deportiva profesional.<\/p>\n\n\n\n<p><\/p>\n","protected":false},"excerpt":{"rendered":"<p>El Gimn\u00e0stic de Tarragona SAD ha llegado a un acuerdo con No\u00e9 Calleja Garc\u00eda para que se convierta en el nuevo director deportivo de la entidad grana. Calleja asumir\u00e1 la responsabilidad de dirigir el \u00e1rea deportiva del primer equipo y ha firmado un contrato para las pr\u00f3ximas dos temporadas. El nuevo responsable deportivo llega procedente [&hellip;]<\/p>\n","protected":false},"author":7,"featured_media":99514,"comment_status":"closed","ping_status":"closed","sticky":false,"template":"","format":"standard","meta":{"_acf_changed":false,"footnotes":""},"categories":[113,126],"tags":[],"class_list":["post-99519","post","type-post","status-publish","format-standard","has-post-thumbnail","hentry","category-actualidad","category-primer-equipo"],"acf":[],"yoast_head":"<!-- This site is optimized with the Yoast SEO plugin v27.3 - https:\/\/yoast.com\/product\/yoast-seo-wordpress\/ -->\n<title>No\u00e9 Calleja, nuevo director deportivo del Gimn\u00e0stic de Tarragona - Gimn\u00e0stic de Tarragona SAD<\/title>\n<meta name=\"robots\" content=\"index, follow, max-snippet:-1, max-image-preview:large, max-video-preview:-1\" \/>\n<link rel=\"canonical\" href=\"https:\/\/gimnasticdetarragona.cat\/es\/noe-calleja-nuevo-director-deportivo-del-gimnastic-de-tarragona\/\" \/>\n<meta property=\"og:locale\" content=\"es_ES\" \/>\n<meta property=\"og:type\" content=\"article\" \/>\n<meta property=\"og:title\" content=\"No\u00e9 Calleja, nuevo director deportivo del Gimn\u00e0stic de Tarragona - Gimn\u00e0stic de Tarragona SAD\" \/>\n<meta property=\"og:description\" content=\"El Gimn\u00e0stic de Tarragona SAD ha llegado a un acuerdo con No\u00e9 Calleja Garc\u00eda para que se convierta en el nuevo director deportivo de la entidad grana. Calleja asumir\u00e1 la responsabilidad de dirigir el \u00e1rea deportiva del primer equipo y ha firmado un contrato para las pr\u00f3ximas dos temporadas. El nuevo responsable deportivo llega procedente [&hellip;]\" \/>\n<meta property=\"og:url\" content=\"https:\/\/gimnasticdetarragona.cat\/es\/noe-calleja-nuevo-director-deportivo-del-gimnastic-de-tarragona\/\" \/>\n<meta property=\"og:site_name\" content=\"Gimn\u00e0stic de Tarragona SAD\" \/>\n<meta property=\"article:published_time\" content=\"2025-06-30T14:51:58+00:00\" \/>\n<meta property=\"article:modified_time\" content=\"2025-06-30T14:52:11+00:00\" \/>\n<meta property=\"og:image\" content=\"https:\/\/gimnasticdetarragona.cat\/wp-content\/uploads\/2025\/06\/Benvingut-Noe.jpg\" \/>\n\t<meta property=\"og:image:width\" content=\"1500\" \/>\n\t<meta property=\"og:image:height\" content=\"1500\" \/>\n\t<meta property=\"og:image:type\" content=\"image\/jpeg\" \/>\n<meta name=\"author\" content=\"Comunicacion\" \/>\n<meta name=\"twitter:card\" content=\"summary_large_image\" \/>\n<meta name=\"twitter:creator\" content=\"@NASTICTARRAGONA\" \/>\n<meta name=\"twitter:site\" content=\"@NASTICTARRAGONA\" \/>\n<meta name=\"twitter:label1\" content=\"Escrito por\" \/>\n\t<meta name=\"twitter:data1\" content=\"Comunicacion\" \/>\n\t<meta name=\"twitter:label2\" content=\"Tiempo de lectura\" \/>\n\t<meta name=\"twitter:data2\" content=\"1 minuto\" \/>\n<script type=\"application\/ld+json\" class=\"yoast-schema-graph\">{\"@context\":\"https:\\\/\\\/schema.org\",\"@graph\":[{\"@type\":\"Article\",\"@id\":\"https:\\\/\\\/gimnasticdetarragona.cat\\\/es\\\/noe-calleja-nuevo-director-deportivo-del-gimnastic-de-tarragona\\\/#article\",\"isPartOf\":{\"@id\":\"https:\\\/\\\/gimnasticdetarragona.cat\\\/es\\\/noe-calleja-nuevo-director-deportivo-del-gimnastic-de-tarragona\\\/\"},\"author\":{\"name\":\"Comunicacion\",\"@id\":\"https:\\\/\\\/gimnasticdetarragona.cat\\\/es\\\/#\\\/schema\\\/person\\\/0a9b7103e7dd73640eb245c4aa4afb8d\"},\"headline\":\"No\u00e9 Calleja, nuevo director deportivo del Gimn\u00e0stic de Tarragona\",\"datePublished\":\"2025-06-30T14:51:58+00:00\",\"dateModified\":\"2025-06-30T14:52:11+00:00\",\"mainEntityOfPage\":{\"@id\":\"https:\\\/\\\/gimnasticdetarragona.cat\\\/es\\\/noe-calleja-nuevo-director-deportivo-del-gimnastic-de-tarragona\\\/\"},\"wordCount\":119,\"publisher\":{\"@id\":\"https:\\\/\\\/gimnasticdetarragona.cat\\\/es\\\/#organization\"},\"image\":{\"@id\":\"https:\\\/\\\/gimnasticdetarragona.cat\\\/es\\\/noe-calleja-nuevo-director-deportivo-del-gimnastic-de-tarragona\\\/#primaryimage\"},\"thumbnailUrl\":\"https:\\\/\\\/gimnasticdetarragona.cat\\\/wp-content\\\/uploads\\\/2025\\\/06\\\/Benvingut-Noe.jpg\",\"articleSection\":[\"Actualidad\",\"Primer Equipo\"],\"inLanguage\":\"es\"},{\"@type\":\"WebPage\",\"@id\":\"https:\\\/\\\/gimnasticdetarragona.cat\\\/es\\\/noe-calleja-nuevo-director-deportivo-del-gimnastic-de-tarragona\\\/\",\"url\":\"https:\\\/\\\/gimnasticdetarragona.cat\\\/es\\\/noe-calleja-nuevo-director-deportivo-del-gimnastic-de-tarragona\\\/\",\"name\":\"No\u00e9 Calleja, nuevo director deportivo del Gimn\u00e0stic de Tarragona - Gimn\u00e0stic de Tarragona SAD\",\"isPartOf\":{\"@id\":\"https:\\\/\\\/gimnasticdetarragona.cat\\\/es\\\/#website\"},\"primaryImageOfPage\":{\"@id\":\"https:\\\/\\\/gimnasticdetarragona.cat\\\/es\\\/noe-calleja-nuevo-director-deportivo-del-gimnastic-de-tarragona\\\/#primaryimage\"},\"image\":{\"@id\":\"https:\\\/\\\/gimnasticdetarragona.cat\\\/es\\\/noe-calleja-nuevo-director-deportivo-del-gimnastic-de-tarragona\\\/#primaryimage\"},\"thumbnailUrl\":\"https:\\\/\\\/gimnasticdetarragona.cat\\\/wp-content\\\/uploads\\\/2025\\\/06\\\/Benvingut-Noe.jpg\",\"datePublished\":\"2025-06-30T14:51:58+00:00\",\"dateModified\":\"2025-06-30T14:52:11+00:00\",\"breadcrumb\":{\"@id\":\"https:\\\/\\\/gimnasticdetarragona.cat\\\/es\\\/noe-calleja-nuevo-director-deportivo-del-gimnastic-de-tarragona\\\/#breadcrumb\"},\"inLanguage\":\"es\",\"potentialAction\":[{\"@type\":\"ReadAction\",\"target\":[\"https:\\\/\\\/gimnasticdetarragona.cat\\\/es\\\/noe-calleja-nuevo-director-deportivo-del-gimnastic-de-tarragona\\\/\"]}]},{\"@type\":\"ImageObject\",\"inLanguage\":\"es\",\"@id\":\"https:\\\/\\\/gimnasticdetarragona.cat\\\/es\\\/noe-calleja-nuevo-director-deportivo-del-gimnastic-de-tarragona\\\/#primaryimage\",\"url\":\"https:\\\/\\\/gimnasticdetarragona.cat\\\/wp-content\\\/uploads\\\/2025\\\/06\\\/Benvingut-Noe.jpg\",\"contentUrl\":\"https:\\\/\\\/gimnasticdetarragona.cat\\\/wp-content\\\/uploads\\\/2025\\\/06\\\/Benvingut-Noe.jpg\",\"width\":1500,\"height\":1500},{\"@type\":\"BreadcrumbList\",\"@id\":\"https:\\\/\\\/gimnasticdetarragona.cat\\\/es\\\/noe-calleja-nuevo-director-deportivo-del-gimnastic-de-tarragona\\\/#breadcrumb\",\"itemListElement\":[{\"@type\":\"ListItem\",\"position\":1,\"name\":\"Inici\",\"item\":\"https:\\\/\\\/gimnasticdetarragona.cat\\\/es\\\/nastic\\\/\"},{\"@type\":\"ListItem\",\"position\":2,\"name\":\"No\u00e9 Calleja, nuevo director deportivo del Gimn\u00e0stic de Tarragona\"}]},{\"@type\":\"WebSite\",\"@id\":\"https:\\\/\\\/gimnasticdetarragona.cat\\\/es\\\/#website\",\"url\":\"https:\\\/\\\/gimnasticdetarragona.cat\\\/es\\\/\",\"name\":\"Gimn\u00e0stic de Tarragona SAD\",\"description\":\"Gimn\u00e0stic de Tarragona\",\"publisher\":{\"@id\":\"https:\\\/\\\/gimnasticdetarragona.cat\\\/es\\\/#organization\"},\"potentialAction\":[{\"@type\":\"SearchAction\",\"target\":{\"@type\":\"EntryPoint\",\"urlTemplate\":\"https:\\\/\\\/gimnasticdetarragona.cat\\\/es\\\/?s={search_term_string}\"},\"query-input\":{\"@type\":\"PropertyValueSpecification\",\"valueRequired\":true,\"valueName\":\"search_term_string\"}}],\"inLanguage\":\"es\"},{\"@type\":\"Organization\",\"@id\":\"https:\\\/\\\/gimnasticdetarragona.cat\\\/es\\\/#organization\",\"name\":\"GIMN\u00c0STIC DE TARRAGONA\",\"alternateName\":\"N\u00c0STIC\",\"url\":\"https:\\\/\\\/gimnasticdetarragona.cat\\\/es\\\/\",\"logo\":{\"@type\":\"ImageObject\",\"inLanguage\":\"es\",\"@id\":\"https:\\\/\\\/gimnasticdetarragona.cat\\\/es\\\/#\\\/schema\\\/logo\\\/image\\\/\",\"url\":\"https:\\\/\\\/gimnasticdetarragona.cat\\\/wp-content\\\/uploads\\\/2022\\\/06\\\/cropped-logo-gimnastic.png\",\"contentUrl\":\"https:\\\/\\\/gimnasticdetarragona.cat\\\/wp-content\\\/uploads\\\/2022\\\/06\\\/cropped-logo-gimnastic.png\",\"width\":224,\"height\":83,\"caption\":\"GIMN\u00c0STIC DE TARRAGONA\"},\"image\":{\"@id\":\"https:\\\/\\\/gimnasticdetarragona.cat\\\/es\\\/#\\\/schema\\\/logo\\\/image\\\/\"},\"sameAs\":[\"https:\\\/\\\/x.com\\\/NASTICTARRAGONA\",\"https:\\\/\\\/www.instagram.com\\\/nastictarragona\\\/\"]},{\"@type\":\"Person\",\"@id\":\"https:\\\/\\\/gimnasticdetarragona.cat\\\/es\\\/#\\\/schema\\\/person\\\/0a9b7103e7dd73640eb245c4aa4afb8d\",\"name\":\"Comunicacion\"}]}<\/script>\n<!-- \/ Yoast SEO plugin. -->","yoast_head_json":{"title":"No\u00e9 Calleja, nuevo director deportivo del Gimn\u00e0stic de Tarragona - Gimn\u00e0stic de Tarragona SAD","robots":{"index":"index","follow":"follow","max-snippet":"max-snippet:-1","max-image-preview":"max-image-preview:large","max-video-preview":"max-video-preview:-1"},"canonical":"https:\/\/gimnasticdetarragona.cat\/es\/noe-calleja-nuevo-director-deportivo-del-gimnastic-de-tarragona\/","og_locale":"es_ES","og_type":"article","og_title":"No\u00e9 Calleja, nuevo director deportivo del Gimn\u00e0stic de Tarragona - Gimn\u00e0stic de Tarragona SAD","og_description":"El Gimn\u00e0stic de Tarragona SAD ha llegado a un acuerdo con No\u00e9 Calleja Garc\u00eda para que se convierta en el nuevo director deportivo de la entidad grana. Calleja asumir\u00e1 la responsabilidad de dirigir el \u00e1rea deportiva del primer equipo y ha firmado un contrato para las pr\u00f3ximas dos temporadas. El nuevo responsable deportivo llega procedente [&hellip;]","og_url":"https:\/\/gimnasticdetarragona.cat\/es\/noe-calleja-nuevo-director-deportivo-del-gimnastic-de-tarragona\/","og_site_name":"Gimn\u00e0stic de Tarragona SAD","article_published_time":"2025-06-30T14:51:58+00:00","article_modified_time":"2025-06-30T14:52:11+00:00","og_image":[{"width":1500,"height":1500,"url":"https:\/\/gimnasticdetarragona.cat\/wp-content\/uploads\/2025\/06\/Benvingut-Noe.jpg","type":"image\/jpeg"}],"author":"Comunicacion","twitter_card":"summary_large_image","twitter_creator":"@NASTICTARRAGONA","twitter_site":"@NASTICTARRAGONA","twitter_misc":{"Escrito por":"Comunicacion","Tiempo de lectura":"1 minuto"},"schema":{"@context":"https:\/\/schema.org","@graph":[{"@type":"Article","@id":"https:\/\/gimnasticdetarragona.cat\/es\/noe-calleja-nuevo-director-deportivo-del-gimnastic-de-tarragona\/#article","isPartOf":{"@id":"https:\/\/gimnasticdetarragona.cat\/es\/noe-calleja-nuevo-director-deportivo-del-gimnastic-de-tarragona\/"},"author":{"name":"Comunicacion","@id":"https:\/\/gimnasticdetarragona.cat\/es\/#\/schema\/person\/0a9b7103e7dd73640eb245c4aa4afb8d"},"headline":"No\u00e9 Calleja, nuevo director deportivo del Gimn\u00e0stic de Tarragona","datePublished":"2025-06-30T14:51:58+00:00","dateModified":"2025-06-30T14:52:11+00:00","mainEntityOfPage":{"@id":"https:\/\/gimnasticdetarragona.cat\/es\/noe-calleja-nuevo-director-deportivo-del-gimnastic-de-tarragona\/"},"wordCount":119,"publisher":{"@id":"https:\/\/gimnasticdetarragona.cat\/es\/#organization"},"image":{"@id":"https:\/\/gimnasticdetarragona.cat\/es\/noe-calleja-nuevo-director-deportivo-del-gimnastic-de-tarragona\/#primaryimage"},"thumbnailUrl":"https:\/\/gimnasticdetarragona.cat\/wp-content\/uploads\/2025\/06\/Benvingut-Noe.jpg","articleSection":["Actualidad","Primer Equipo"],"inLanguage":"es"},{"@type":"WebPage","@id":"https:\/\/gimnasticdetarragona.cat\/es\/noe-calleja-nuevo-director-deportivo-del-gimnastic-de-tarragona\/","url":"https:\/\/gimnasticdetarragona.cat\/es\/noe-calleja-nuevo-director-deportivo-del-gimnastic-de-tarragona\/","name":"No\u00e9 Calleja, nuevo director deportivo del Gimn\u00e0stic de Tarragona - Gimn\u00e0stic de Tarragona SAD","isPartOf":{"@id":"https:\/\/gimnasticdetarragona.cat\/es\/#website"},"primaryImageOfPage":{"@id":"https:\/\/gimnasticdetarragona.cat\/es\/noe-calleja-nuevo-director-deportivo-del-gimnastic-de-tarragona\/#primaryimage"},"image":{"@id":"https:\/\/gimnasticdetarragona.cat\/es\/noe-calleja-nuevo-director-deportivo-del-gimnastic-de-tarragona\/#primaryimage"},"thumbnailUrl":"https:\/\/gimnasticdetarragona.cat\/wp-content\/uploads\/2025\/06\/Benvingut-Noe.jpg","datePublished":"2025-06-30T14:51:58+00:00","dateModified":"2025-06-30T14:52:11+00:00","breadcrumb":{"@id":"https:\/\/gimnasticdetarragona.cat\/es\/noe-calleja-nuevo-director-deportivo-del-gimnastic-de-tarragona\/#breadcrumb"},"inLanguage":"es","potentialAction":[{"@type":"ReadAction","target":["https:\/\/gimnasticdetarragona.cat\/es\/noe-calleja-nuevo-director-deportivo-del-gimnastic-de-tarragona\/"]}]},{"@type":"ImageObject","inLanguage":"es","@id":"https:\/\/gimnasticdetarragona.cat\/es\/noe-calleja-nuevo-director-deportivo-del-gimnastic-de-tarragona\/#primaryimage","url":"https:\/\/gimnasticdetarragona.cat\/wp-content\/uploads\/2025\/06\/Benvingut-Noe.jpg","contentUrl":"https:\/\/gimnasticdetarragona.cat\/wp-content\/uploads\/2025\/06\/Benvingut-Noe.jpg","width":1500,"height":1500},{"@type":"BreadcrumbList","@id":"https:\/\/gimnasticdetarragona.cat\/es\/noe-calleja-nuevo-director-deportivo-del-gimnastic-de-tarragona\/#breadcrumb","itemListElement":[{"@type":"ListItem","position":1,"name":"Inici","item":"https:\/\/gimnasticdetarragona.cat\/es\/nastic\/"},{"@type":"ListItem","position":2,"name":"No\u00e9 Calleja, nuevo director deportivo del Gimn\u00e0stic de Tarragona"}]},{"@type":"WebSite","@id":"https:\/\/gimnasticdetarragona.cat\/es\/#website","url":"https:\/\/gimnasticdetarragona.cat\/es\/","name":"Gimn\u00e0stic de Tarragona SAD","description":"Gimn\u00e0stic de Tarragona","publisher":{"@id":"https:\/\/gimnasticdetarragona.cat\/es\/#organization"},"potentialAction":[{"@type":"SearchAction","target":{"@type":"EntryPoint","urlTemplate":"https:\/\/gimnasticdetarragona.cat\/es\/?s={search_term_string}"},"query-input":{"@type":"PropertyValueSpecification","valueRequired":true,"valueName":"search_term_string"}}],"inLanguage":"es"},{"@type":"Organization","@id":"https:\/\/gimnasticdetarragona.cat\/es\/#organization","name":"GIMN\u00c0STIC DE TARRAGONA","alternateName":"N\u00c0STIC","url":"https:\/\/gimnasticdetarragona.cat\/es\/","logo":{"@type":"ImageObject","inLanguage":"es","@id":"https:\/\/gimnasticdetarragona.cat\/es\/#\/schema\/logo\/image\/","url":"https:\/\/gimnasticdetarragona.cat\/wp-content\/uploads\/2022\/06\/cropped-logo-gimnastic.png","contentUrl":"https:\/\/gimnasticdetarragona.cat\/wp-content\/uploads\/2022\/06\/cropped-logo-gimnastic.png","width":224,"height":83,"caption":"GIMN\u00c0STIC DE TARRAGONA"},"image":{"@id":"https:\/\/gimnasticdetarragona.cat\/es\/#\/schema\/logo\/image\/"},"sameAs":["https:\/\/x.com\/NASTICTARRAGONA","https:\/\/www.instagram.com\/nastictarragona\/"]},{"@type":"Person","@id":"https:\/\/gimnasticdetarragona.cat\/es\/#\/schema\/person\/0a9b7103e7dd73640eb245c4aa4afb8d","name":"Comunicacion"}]}},"_links":{"self":[{"href":"https:\/\/gimnasticdetarragona.cat\/es\/wp-json\/wp\/v2\/posts\/99519","targetHints":{"allow":["GET"]}}],"collection":[{"href":"https:\/\/gimnasticdetarragona.cat\/es\/wp-json\/wp\/v2\/posts"}],"about":[{"href":"https:\/\/gimnasticdetarragona.cat\/es\/wp-json\/wp\/v2\/types\/post"}],"author":[{"embeddable":true,"href":"https:\/\/gimnasticdetarragona.cat\/es\/wp-json\/wp\/v2\/users\/7"}],"replies":[{"embeddable":true,"href":"https:\/\/gimnasticdetarragona.cat\/es\/wp-json\/wp\/v2\/comments?post=99519"}],"version-history":[{"count":1,"href":"https:\/\/gimnasticdetarragona.cat\/es\/wp-json\/wp\/v2\/posts\/99519\/revisions"}],"predecessor-version":[{"id":99520,"href":"https:\/\/gimnasticdetarragona.cat\/es\/wp-json\/wp\/v2\/posts\/99519\/revisions\/99520"}],"wp:featuredmedia":[{"embeddable":true,"href":"https:\/\/gimnasticdetarragona.cat\/es\/wp-json\/wp\/v2\/media\/99514"}],"wp:attachment":[{"href":"https:\/\/gimnasticdetarragona.cat\/es\/wp-json\/wp\/v2\/media?parent=99519"}],"wp:term":[{"taxonomy":"category","embeddable":true,"href":"https:\/\/gimnasticdetarragona.cat\/es\/wp-json\/wp\/v2\/categories?post=99519"},{"taxonomy":"post_tag","embeddable":true,"href":"https:\/\/gimnasticdetarragona.cat\/es\/wp-json\/wp\/v2\/tags?post=99519"}],"curies":[{"name":"wp","href":"https:\/\/api.w.org\/{rel}","templated":true}]}}