{"id":99525,"date":"2025-07-01T18:34:55","date_gmt":"2025-07-01T16:34:55","guid":{"rendered":"https:\/\/gimnasticdetarragona.cat\/?p=99525"},"modified":"2025-07-01T18:35:09","modified_gmt":"2025-07-01T16:35:09","slug":"luis-cesar-continuara-como-entrenador-del-primer-equipo-la-temporada-2025-2026","status":"publish","type":"post","link":"https:\/\/gimnasticdetarragona.cat\/es\/luis-cesar-continuara-como-entrenador-del-primer-equipo-la-temporada-2025-2026\/","title":{"rendered":"Luis C\u00e9sar continuar\u00e1 como entrenador del primer equipo la temporada 2025-2026"},"content":{"rendered":"\n<p>El t\u00e9cnico de Vilagarc\u00eda de Arousa seguir\u00e1 liderando el cuerpo t\u00e9cnico del primer equipo durante la temporada 2025-2026.<\/p>\n\n\n\n<p>La permanencia del t\u00e9cnico se enmarca dentro de la planificaci\u00f3n deportiva del club para el nuevo curso. No\u00e9 Calleja, recientemente incorporado como director deportivo, lo ha incluido dentro de la estructura t\u00e9cnica con la que se afrontar\u00e1 la nueva temporada.<\/p>\n\n\n\n<p>El cuerpo t\u00e9cnico y la direcci\u00f3n deportiva ya trabajan en la organizaci\u00f3n de la pretemporada y en la configuraci\u00f3n de la plantilla.<\/p>\n\n\n\n<p>Se informar\u00e1 pr\u00f3ximamente de las fechas de inicio de los entrenamientos y de los primeros compromisos amistosos previstos.<\/p>\n","protected":false},"excerpt":{"rendered":"<p>El t\u00e9cnico de Vilagarc\u00eda de Arousa seguir\u00e1 liderando el cuerpo t\u00e9cnico del primer equipo durante la temporada 2025-2026. La permanencia del t\u00e9cnico se enmarca dentro de la planificaci\u00f3n deportiva del club para el nuevo curso. No\u00e9 Calleja, recientemente incorporado como director deportivo, lo ha incluido dentro de la estructura t\u00e9cnica con la que se afrontar\u00e1 [&hellip;]<\/p>\n","protected":false},"author":7,"featured_media":99523,"comment_status":"closed","ping_status":"closed","sticky":false,"template":"","format":"standard","meta":{"_acf_changed":false,"footnotes":""},"categories":[113,126],"tags":[],"class_list":["post-99525","post","type-post","status-publish","format-standard","has-post-thumbnail","hentry","category-actualidad","category-primer-equipo"],"acf":[],"yoast_head":"<!-- This site is optimized with the Yoast SEO plugin v27.3 - https:\/\/yoast.com\/product\/yoast-seo-wordpress\/ -->\n<title>Luis C\u00e9sar continuar\u00e1 como entrenador del primer equipo la temporada 2025-2026 - Gimn\u00e0stic de Tarragona SAD<\/title>\n<meta name=\"robots\" content=\"index, follow, max-snippet:-1, max-image-preview:large, max-video-preview:-1\" \/>\n<link rel=\"canonical\" href=\"https:\/\/gimnasticdetarragona.cat\/es\/luis-cesar-continuara-como-entrenador-del-primer-equipo-la-temporada-2025-2026\/\" \/>\n<meta property=\"og:locale\" content=\"es_ES\" \/>\n<meta property=\"og:type\" content=\"article\" \/>\n<meta property=\"og:title\" content=\"Luis C\u00e9sar continuar\u00e1 como entrenador del primer equipo la temporada 2025-2026 - Gimn\u00e0stic de Tarragona SAD\" \/>\n<meta property=\"og:description\" content=\"El t\u00e9cnico de Vilagarc\u00eda de Arousa seguir\u00e1 liderando el cuerpo t\u00e9cnico del primer equipo durante la temporada 2025-2026. La permanencia del t\u00e9cnico se enmarca dentro de la planificaci\u00f3n deportiva del club para el nuevo curso. No\u00e9 Calleja, recientemente incorporado como director deportivo, lo ha incluido dentro de la estructura t\u00e9cnica con la que se afrontar\u00e1 [&hellip;]\" \/>\n<meta property=\"og:url\" content=\"https:\/\/gimnasticdetarragona.cat\/es\/luis-cesar-continuara-como-entrenador-del-primer-equipo-la-temporada-2025-2026\/\" \/>\n<meta property=\"og:site_name\" content=\"Gimn\u00e0stic de Tarragona SAD\" \/>\n<meta property=\"article:published_time\" content=\"2025-07-01T16:34:55+00:00\" \/>\n<meta property=\"article:modified_time\" content=\"2025-07-01T16:35:09+00:00\" \/>\n<meta property=\"og:image\" content=\"https:\/\/gimnasticdetarragona.cat\/wp-content\/uploads\/2025\/07\/54596615130_a6944358ef_o-scaled.jpg\" \/>\n\t<meta property=\"og:image:width\" content=\"2560\" \/>\n\t<meta property=\"og:image:height\" content=\"1707\" \/>\n\t<meta property=\"og:image:type\" content=\"image\/jpeg\" \/>\n<meta name=\"author\" content=\"Comunicacion\" \/>\n<meta name=\"twitter:card\" content=\"summary_large_image\" \/>\n<meta name=\"twitter:creator\" content=\"@NASTICTARRAGONA\" \/>\n<meta name=\"twitter:site\" content=\"@NASTICTARRAGONA\" \/>\n<meta name=\"twitter:label1\" content=\"Escrito por\" \/>\n\t<meta name=\"twitter:data1\" content=\"Comunicacion\" \/>\n\t<meta name=\"twitter:label2\" content=\"Tiempo de lectura\" \/>\n\t<meta name=\"twitter:data2\" content=\"1 minuto\" \/>\n<script type=\"application\/ld+json\" class=\"yoast-schema-graph\">{\"@context\":\"https:\\\/\\\/schema.org\",\"@graph\":[{\"@type\":\"Article\",\"@id\":\"https:\\\/\\\/gimnasticdetarragona.cat\\\/es\\\/luis-cesar-continuara-como-entrenador-del-primer-equipo-la-temporada-2025-2026\\\/#article\",\"isPartOf\":{\"@id\":\"https:\\\/\\\/gimnasticdetarragona.cat\\\/es\\\/luis-cesar-continuara-como-entrenador-del-primer-equipo-la-temporada-2025-2026\\\/\"},\"author\":{\"name\":\"Comunicacion\",\"@id\":\"https:\\\/\\\/gimnasticdetarragona.cat\\\/es\\\/#\\\/schema\\\/person\\\/0a9b7103e7dd73640eb245c4aa4afb8d\"},\"headline\":\"Luis C\u00e9sar continuar\u00e1 como entrenador del primer equipo la temporada 2025-2026\",\"datePublished\":\"2025-07-01T16:34:55+00:00\",\"dateModified\":\"2025-07-01T16:35:09+00:00\",\"mainEntityOfPage\":{\"@id\":\"https:\\\/\\\/gimnasticdetarragona.cat\\\/es\\\/luis-cesar-continuara-como-entrenador-del-primer-equipo-la-temporada-2025-2026\\\/\"},\"wordCount\":121,\"publisher\":{\"@id\":\"https:\\\/\\\/gimnasticdetarragona.cat\\\/es\\\/#organization\"},\"image\":{\"@id\":\"https:\\\/\\\/gimnasticdetarragona.cat\\\/es\\\/luis-cesar-continuara-como-entrenador-del-primer-equipo-la-temporada-2025-2026\\\/#primaryimage\"},\"thumbnailUrl\":\"https:\\\/\\\/gimnasticdetarragona.cat\\\/wp-content\\\/uploads\\\/2025\\\/07\\\/54596615130_a6944358ef_o-scaled.jpg\",\"articleSection\":[\"Actualidad\",\"Primer Equipo\"],\"inLanguage\":\"es\"},{\"@type\":\"WebPage\",\"@id\":\"https:\\\/\\\/gimnasticdetarragona.cat\\\/es\\\/luis-cesar-continuara-como-entrenador-del-primer-equipo-la-temporada-2025-2026\\\/\",\"url\":\"https:\\\/\\\/gimnasticdetarragona.cat\\\/es\\\/luis-cesar-continuara-como-entrenador-del-primer-equipo-la-temporada-2025-2026\\\/\",\"name\":\"Luis C\u00e9sar continuar\u00e1 como entrenador del primer equipo la temporada 2025-2026 - Gimn\u00e0stic de Tarragona SAD\",\"isPartOf\":{\"@id\":\"https:\\\/\\\/gimnasticdetarragona.cat\\\/es\\\/#website\"},\"primaryImageOfPage\":{\"@id\":\"https:\\\/\\\/gimnasticdetarragona.cat\\\/es\\\/luis-cesar-continuara-como-entrenador-del-primer-equipo-la-temporada-2025-2026\\\/#primaryimage\"},\"image\":{\"@id\":\"https:\\\/\\\/gimnasticdetarragona.cat\\\/es\\\/luis-cesar-continuara-como-entrenador-del-primer-equipo-la-temporada-2025-2026\\\/#primaryimage\"},\"thumbnailUrl\":\"https:\\\/\\\/gimnasticdetarragona.cat\\\/wp-content\\\/uploads\\\/2025\\\/07\\\/54596615130_a6944358ef_o-scaled.jpg\",\"datePublished\":\"2025-07-01T16:34:55+00:00\",\"dateModified\":\"2025-07-01T16:35:09+00:00\",\"breadcrumb\":{\"@id\":\"https:\\\/\\\/gimnasticdetarragona.cat\\\/es\\\/luis-cesar-continuara-como-entrenador-del-primer-equipo-la-temporada-2025-2026\\\/#breadcrumb\"},\"inLanguage\":\"es\",\"potentialAction\":[{\"@type\":\"ReadAction\",\"target\":[\"https:\\\/\\\/gimnasticdetarragona.cat\\\/es\\\/luis-cesar-continuara-como-entrenador-del-primer-equipo-la-temporada-2025-2026\\\/\"]}]},{\"@type\":\"ImageObject\",\"inLanguage\":\"es\",\"@id\":\"https:\\\/\\\/gimnasticdetarragona.cat\\\/es\\\/luis-cesar-continuara-como-entrenador-del-primer-equipo-la-temporada-2025-2026\\\/#primaryimage\",\"url\":\"https:\\\/\\\/gimnasticdetarragona.cat\\\/wp-content\\\/uploads\\\/2025\\\/07\\\/54596615130_a6944358ef_o-scaled.jpg\",\"contentUrl\":\"https:\\\/\\\/gimnasticdetarragona.cat\\\/wp-content\\\/uploads\\\/2025\\\/07\\\/54596615130_a6944358ef_o-scaled.jpg\",\"width\":2560,\"height\":1707},{\"@type\":\"BreadcrumbList\",\"@id\":\"https:\\\/\\\/gimnasticdetarragona.cat\\\/es\\\/luis-cesar-continuara-como-entrenador-del-primer-equipo-la-temporada-2025-2026\\\/#breadcrumb\",\"itemListElement\":[{\"@type\":\"ListItem\",\"position\":1,\"name\":\"Inici\",\"item\":\"https:\\\/\\\/gimnasticdetarragona.cat\\\/es\\\/nastic\\\/\"},{\"@type\":\"ListItem\",\"position\":2,\"name\":\"Luis C\u00e9sar continuar\u00e1 como entrenador del primer equipo la temporada 2025-2026\"}]},{\"@type\":\"WebSite\",\"@id\":\"https:\\\/\\\/gimnasticdetarragona.cat\\\/es\\\/#website\",\"url\":\"https:\\\/\\\/gimnasticdetarragona.cat\\\/es\\\/\",\"name\":\"Gimn\u00e0stic de Tarragona SAD\",\"description\":\"Gimn\u00e0stic de Tarragona\",\"publisher\":{\"@id\":\"https:\\\/\\\/gimnasticdetarragona.cat\\\/es\\\/#organization\"},\"potentialAction\":[{\"@type\":\"SearchAction\",\"target\":{\"@type\":\"EntryPoint\",\"urlTemplate\":\"https:\\\/\\\/gimnasticdetarragona.cat\\\/es\\\/?s={search_term_string}\"},\"query-input\":{\"@type\":\"PropertyValueSpecification\",\"valueRequired\":true,\"valueName\":\"search_term_string\"}}],\"inLanguage\":\"es\"},{\"@type\":\"Organization\",\"@id\":\"https:\\\/\\\/gimnasticdetarragona.cat\\\/es\\\/#organization\",\"name\":\"GIMN\u00c0STIC DE TARRAGONA\",\"alternateName\":\"N\u00c0STIC\",\"url\":\"https:\\\/\\\/gimnasticdetarragona.cat\\\/es\\\/\",\"logo\":{\"@type\":\"ImageObject\",\"inLanguage\":\"es\",\"@id\":\"https:\\\/\\\/gimnasticdetarragona.cat\\\/es\\\/#\\\/schema\\\/logo\\\/image\\\/\",\"url\":\"https:\\\/\\\/gimnasticdetarragona.cat\\\/wp-content\\\/uploads\\\/2022\\\/06\\\/cropped-logo-gimnastic.png\",\"contentUrl\":\"https:\\\/\\\/gimnasticdetarragona.cat\\\/wp-content\\\/uploads\\\/2022\\\/06\\\/cropped-logo-gimnastic.png\",\"width\":224,\"height\":83,\"caption\":\"GIMN\u00c0STIC DE TARRAGONA\"},\"image\":{\"@id\":\"https:\\\/\\\/gimnasticdetarragona.cat\\\/es\\\/#\\\/schema\\\/logo\\\/image\\\/\"},\"sameAs\":[\"https:\\\/\\\/x.com\\\/NASTICTARRAGONA\",\"https:\\\/\\\/www.instagram.com\\\/nastictarragona\\\/\"]},{\"@type\":\"Person\",\"@id\":\"https:\\\/\\\/gimnasticdetarragona.cat\\\/es\\\/#\\\/schema\\\/person\\\/0a9b7103e7dd73640eb245c4aa4afb8d\",\"name\":\"Comunicacion\"}]}<\/script>\n<!-- \/ Yoast SEO plugin. -->","yoast_head_json":{"title":"Luis C\u00e9sar continuar\u00e1 como entrenador del primer equipo la temporada 2025-2026 - Gimn\u00e0stic de Tarragona SAD","robots":{"index":"index","follow":"follow","max-snippet":"max-snippet:-1","max-image-preview":"max-image-preview:large","max-video-preview":"max-video-preview:-1"},"canonical":"https:\/\/gimnasticdetarragona.cat\/es\/luis-cesar-continuara-como-entrenador-del-primer-equipo-la-temporada-2025-2026\/","og_locale":"es_ES","og_type":"article","og_title":"Luis C\u00e9sar continuar\u00e1 como entrenador del primer equipo la temporada 2025-2026 - Gimn\u00e0stic de Tarragona SAD","og_description":"El t\u00e9cnico de Vilagarc\u00eda de Arousa seguir\u00e1 liderando el cuerpo t\u00e9cnico del primer equipo durante la temporada 2025-2026. La permanencia del t\u00e9cnico se enmarca dentro de la planificaci\u00f3n deportiva del club para el nuevo curso. No\u00e9 Calleja, recientemente incorporado como director deportivo, lo ha incluido dentro de la estructura t\u00e9cnica con la que se afrontar\u00e1 [&hellip;]","og_url":"https:\/\/gimnasticdetarragona.cat\/es\/luis-cesar-continuara-como-entrenador-del-primer-equipo-la-temporada-2025-2026\/","og_site_name":"Gimn\u00e0stic de Tarragona SAD","article_published_time":"2025-07-01T16:34:55+00:00","article_modified_time":"2025-07-01T16:35:09+00:00","og_image":[{"width":2560,"height":1707,"url":"https:\/\/gimnasticdetarragona.cat\/wp-content\/uploads\/2025\/07\/54596615130_a6944358ef_o-scaled.jpg","type":"image\/jpeg"}],"author":"Comunicacion","twitter_card":"summary_large_image","twitter_creator":"@NASTICTARRAGONA","twitter_site":"@NASTICTARRAGONA","twitter_misc":{"Escrito por":"Comunicacion","Tiempo de lectura":"1 minuto"},"schema":{"@context":"https:\/\/schema.org","@graph":[{"@type":"Article","@id":"https:\/\/gimnasticdetarragona.cat\/es\/luis-cesar-continuara-como-entrenador-del-primer-equipo-la-temporada-2025-2026\/#article","isPartOf":{"@id":"https:\/\/gimnasticdetarragona.cat\/es\/luis-cesar-continuara-como-entrenador-del-primer-equipo-la-temporada-2025-2026\/"},"author":{"name":"Comunicacion","@id":"https:\/\/gimnasticdetarragona.cat\/es\/#\/schema\/person\/0a9b7103e7dd73640eb245c4aa4afb8d"},"headline":"Luis C\u00e9sar continuar\u00e1 como entrenador del primer equipo la temporada 2025-2026","datePublished":"2025-07-01T16:34:55+00:00","dateModified":"2025-07-01T16:35:09+00:00","mainEntityOfPage":{"@id":"https:\/\/gimnasticdetarragona.cat\/es\/luis-cesar-continuara-como-entrenador-del-primer-equipo-la-temporada-2025-2026\/"},"wordCount":121,"publisher":{"@id":"https:\/\/gimnasticdetarragona.cat\/es\/#organization"},"image":{"@id":"https:\/\/gimnasticdetarragona.cat\/es\/luis-cesar-continuara-como-entrenador-del-primer-equipo-la-temporada-2025-2026\/#primaryimage"},"thumbnailUrl":"https:\/\/gimnasticdetarragona.cat\/wp-content\/uploads\/2025\/07\/54596615130_a6944358ef_o-scaled.jpg","articleSection":["Actualidad","Primer Equipo"],"inLanguage":"es"},{"@type":"WebPage","@id":"https:\/\/gimnasticdetarragona.cat\/es\/luis-cesar-continuara-como-entrenador-del-primer-equipo-la-temporada-2025-2026\/","url":"https:\/\/gimnasticdetarragona.cat\/es\/luis-cesar-continuara-como-entrenador-del-primer-equipo-la-temporada-2025-2026\/","name":"Luis C\u00e9sar continuar\u00e1 como entrenador del primer equipo la temporada 2025-2026 - Gimn\u00e0stic de Tarragona SAD","isPartOf":{"@id":"https:\/\/gimnasticdetarragona.cat\/es\/#website"},"primaryImageOfPage":{"@id":"https:\/\/gimnasticdetarragona.cat\/es\/luis-cesar-continuara-como-entrenador-del-primer-equipo-la-temporada-2025-2026\/#primaryimage"},"image":{"@id":"https:\/\/gimnasticdetarragona.cat\/es\/luis-cesar-continuara-como-entrenador-del-primer-equipo-la-temporada-2025-2026\/#primaryimage"},"thumbnailUrl":"https:\/\/gimnasticdetarragona.cat\/wp-content\/uploads\/2025\/07\/54596615130_a6944358ef_o-scaled.jpg","datePublished":"2025-07-01T16:34:55+00:00","dateModified":"2025-07-01T16:35:09+00:00","breadcrumb":{"@id":"https:\/\/gimnasticdetarragona.cat\/es\/luis-cesar-continuara-como-entrenador-del-primer-equipo-la-temporada-2025-2026\/#breadcrumb"},"inLanguage":"es","potentialAction":[{"@type":"ReadAction","target":["https:\/\/gimnasticdetarragona.cat\/es\/luis-cesar-continuara-como-entrenador-del-primer-equipo-la-temporada-2025-2026\/"]}]},{"@type":"ImageObject","inLanguage":"es","@id":"https:\/\/gimnasticdetarragona.cat\/es\/luis-cesar-continuara-como-entrenador-del-primer-equipo-la-temporada-2025-2026\/#primaryimage","url":"https:\/\/gimnasticdetarragona.cat\/wp-content\/uploads\/2025\/07\/54596615130_a6944358ef_o-scaled.jpg","contentUrl":"https:\/\/gimnasticdetarragona.cat\/wp-content\/uploads\/2025\/07\/54596615130_a6944358ef_o-scaled.jpg","width":2560,"height":1707},{"@type":"BreadcrumbList","@id":"https:\/\/gimnasticdetarragona.cat\/es\/luis-cesar-continuara-como-entrenador-del-primer-equipo-la-temporada-2025-2026\/#breadcrumb","itemListElement":[{"@type":"ListItem","position":1,"name":"Inici","item":"https:\/\/gimnasticdetarragona.cat\/es\/nastic\/"},{"@type":"ListItem","position":2,"name":"Luis C\u00e9sar continuar\u00e1 como entrenador del primer equipo la temporada 2025-2026"}]},{"@type":"WebSite","@id":"https:\/\/gimnasticdetarragona.cat\/es\/#website","url":"https:\/\/gimnasticdetarragona.cat\/es\/","name":"Gimn\u00e0stic de Tarragona SAD","description":"Gimn\u00e0stic de Tarragona","publisher":{"@id":"https:\/\/gimnasticdetarragona.cat\/es\/#organization"},"potentialAction":[{"@type":"SearchAction","target":{"@type":"EntryPoint","urlTemplate":"https:\/\/gimnasticdetarragona.cat\/es\/?s={search_term_string}"},"query-input":{"@type":"PropertyValueSpecification","valueRequired":true,"valueName":"search_term_string"}}],"inLanguage":"es"},{"@type":"Organization","@id":"https:\/\/gimnasticdetarragona.cat\/es\/#organization","name":"GIMN\u00c0STIC DE TARRAGONA","alternateName":"N\u00c0STIC","url":"https:\/\/gimnasticdetarragona.cat\/es\/","logo":{"@type":"ImageObject","inLanguage":"es","@id":"https:\/\/gimnasticdetarragona.cat\/es\/#\/schema\/logo\/image\/","url":"https:\/\/gimnasticdetarragona.cat\/wp-content\/uploads\/2022\/06\/cropped-logo-gimnastic.png","contentUrl":"https:\/\/gimnasticdetarragona.cat\/wp-content\/uploads\/2022\/06\/cropped-logo-gimnastic.png","width":224,"height":83,"caption":"GIMN\u00c0STIC DE TARRAGONA"},"image":{"@id":"https:\/\/gimnasticdetarragona.cat\/es\/#\/schema\/logo\/image\/"},"sameAs":["https:\/\/x.com\/NASTICTARRAGONA","https:\/\/www.instagram.com\/nastictarragona\/"]},{"@type":"Person","@id":"https:\/\/gimnasticdetarragona.cat\/es\/#\/schema\/person\/0a9b7103e7dd73640eb245c4aa4afb8d","name":"Comunicacion"}]}},"_links":{"self":[{"href":"https:\/\/gimnasticdetarragona.cat\/es\/wp-json\/wp\/v2\/posts\/99525","targetHints":{"allow":["GET"]}}],"collection":[{"href":"https:\/\/gimnasticdetarragona.cat\/es\/wp-json\/wp\/v2\/posts"}],"about":[{"href":"https:\/\/gimnasticdetarragona.cat\/es\/wp-json\/wp\/v2\/types\/post"}],"author":[{"embeddable":true,"href":"https:\/\/gimnasticdetarragona.cat\/es\/wp-json\/wp\/v2\/users\/7"}],"replies":[{"embeddable":true,"href":"https:\/\/gimnasticdetarragona.cat\/es\/wp-json\/wp\/v2\/comments?post=99525"}],"version-history":[{"count":1,"href":"https:\/\/gimnasticdetarragona.cat\/es\/wp-json\/wp\/v2\/posts\/99525\/revisions"}],"predecessor-version":[{"id":99526,"href":"https:\/\/gimnasticdetarragona.cat\/es\/wp-json\/wp\/v2\/posts\/99525\/revisions\/99526"}],"wp:featuredmedia":[{"embeddable":true,"href":"https:\/\/gimnasticdetarragona.cat\/es\/wp-json\/wp\/v2\/media\/99523"}],"wp:attachment":[{"href":"https:\/\/gimnasticdetarragona.cat\/es\/wp-json\/wp\/v2\/media?parent=99525"}],"wp:term":[{"taxonomy":"category","embeddable":true,"href":"https:\/\/gimnasticdetarragona.cat\/es\/wp-json\/wp\/v2\/categories?post=99525"},{"taxonomy":"post_tag","embeddable":true,"href":"https:\/\/gimnasticdetarragona.cat\/es\/wp-json\/wp\/v2\/tags?post=99525"}],"curies":[{"name":"wp","href":"https:\/\/api.w.org\/{rel}","templated":true}]}}