{"id":99551,"date":"2025-07-04T12:10:47","date_gmt":"2025-07-04T10:10:47","guid":{"rendered":"https:\/\/gimnasticdetarragona.cat\/?p=99551"},"modified":"2025-07-04T12:10:54","modified_gmt":"2025-07-04T10:10:54","slug":"cesar-morgado-nuevo-central-para-el-eje-de-la-defensa-grana","status":"publish","type":"post","link":"https:\/\/gimnasticdetarragona.cat\/es\/cesar-morgado-nuevo-central-para-el-eje-de-la-defensa-grana\/","title":{"rendered":"C\u00e9sar Morgado, nuevo central para el eje de la defensa grana"},"content":{"rendered":"\n<p>El defensa C\u00e9sar Morgado Ortega (Barcelona, 26 de enero de 1993) firma un contrato con el Gimn\u00e0stic de Tarragona hasta junio de 2026, con una temporada opcional.<br>El jugador llega a Tarragona tras finalizar su vinculaci\u00f3n con el FC Andorra, despu\u00e9s de lograr el ascenso a Segunda Divisi\u00f3n.<\/p>\n\n\n\n<p>El central debut\u00f3 oficialmente con el C\u00f3rdoba CF B y, desde entonces, ha ido acumulando experiencia en diferentes equipos, sumando un total de 298 partidos oficiales entre Segunda B y Primera Federaci\u00f3n.<\/p>\n\n\n\n<p>Ha defendido los escudos del M\u00e9rida AD, la CyD Leonesa, el Villanovense, el Valencia Mestalla, el CD Badajoz, el CE Sabadell FC y el CD Lugo en la categor\u00eda de bronce del f\u00fatbol espa\u00f1ol.<\/p>\n\n\n\n<p>La tercera incorporaci\u00f3n del mercado de fichajes destaca por su liderazgo en la l\u00ednea defensiva, mostr\u00e1ndose contundente en el juego a\u00e9reo y en los duelos con los rivales, &nbsp;sobresale por su calidad con la pierna izquierda y su capacidad asociativa. El jugador se incorporar\u00e1 a la din\u00e1mica del primer equipo al inicio de la pretemporada.<\/p>\n","protected":false},"excerpt":{"rendered":"<p>El defensa C\u00e9sar Morgado Ortega (Barcelona, 26 de enero de 1993) firma un contrato con el Gimn\u00e0stic de Tarragona hasta junio de 2026, con una temporada opcional.El jugador llega a Tarragona tras finalizar su vinculaci\u00f3n con el FC Andorra, despu\u00e9s de lograr el ascenso a Segunda Divisi\u00f3n. El central debut\u00f3 oficialmente con el C\u00f3rdoba CF [&hellip;]<\/p>\n","protected":false},"author":7,"featured_media":99552,"comment_status":"closed","ping_status":"closed","sticky":false,"template":"","format":"standard","meta":{"_acf_changed":false,"footnotes":""},"categories":[113,126],"tags":[],"class_list":["post-99551","post","type-post","status-publish","format-standard","has-post-thumbnail","hentry","category-actualidad","category-primer-equipo"],"acf":[],"yoast_head":"<!-- This site is optimized with the Yoast SEO plugin v27.3 - https:\/\/yoast.com\/product\/yoast-seo-wordpress\/ -->\n<title>C\u00e9sar Morgado, nuevo central para el eje de la defensa grana - Gimn\u00e0stic de Tarragona SAD<\/title>\n<meta name=\"robots\" content=\"index, follow, max-snippet:-1, max-image-preview:large, max-video-preview:-1\" \/>\n<link rel=\"canonical\" href=\"https:\/\/gimnasticdetarragona.cat\/es\/cesar-morgado-nuevo-central-para-el-eje-de-la-defensa-grana\/\" \/>\n<meta property=\"og:locale\" content=\"es_ES\" \/>\n<meta property=\"og:type\" content=\"article\" \/>\n<meta property=\"og:title\" content=\"C\u00e9sar Morgado, nuevo central para el eje de la defensa grana - Gimn\u00e0stic de Tarragona SAD\" \/>\n<meta property=\"og:description\" content=\"El defensa C\u00e9sar Morgado Ortega (Barcelona, 26 de enero de 1993) firma un contrato con el Gimn\u00e0stic de Tarragona hasta junio de 2026, con una temporada opcional.El jugador llega a Tarragona tras finalizar su vinculaci\u00f3n con el FC Andorra, despu\u00e9s de lograr el ascenso a Segunda Divisi\u00f3n. El central debut\u00f3 oficialmente con el C\u00f3rdoba CF [&hellip;]\" \/>\n<meta property=\"og:url\" content=\"https:\/\/gimnasticdetarragona.cat\/es\/cesar-morgado-nuevo-central-para-el-eje-de-la-defensa-grana\/\" \/>\n<meta property=\"og:site_name\" content=\"Gimn\u00e0stic de Tarragona SAD\" \/>\n<meta property=\"article:published_time\" content=\"2025-07-04T10:10:47+00:00\" \/>\n<meta property=\"article:modified_time\" content=\"2025-07-04T10:10:54+00:00\" \/>\n<meta property=\"og:image\" content=\"https:\/\/gimnasticdetarragona.cat\/wp-content\/uploads\/2025\/07\/BENVINGUT-Morgado.jpg\" \/>\n\t<meta property=\"og:image:width\" content=\"1281\" \/>\n\t<meta property=\"og:image:height\" content=\"1488\" \/>\n\t<meta property=\"og:image:type\" content=\"image\/jpeg\" \/>\n<meta name=\"author\" content=\"Comunicacion\" \/>\n<meta name=\"twitter:card\" content=\"summary_large_image\" \/>\n<meta name=\"twitter:creator\" content=\"@NASTICTARRAGONA\" \/>\n<meta name=\"twitter:site\" content=\"@NASTICTARRAGONA\" \/>\n<meta name=\"twitter:label1\" content=\"Escrito por\" \/>\n\t<meta name=\"twitter:data1\" content=\"Comunicacion\" \/>\n\t<meta name=\"twitter:label2\" content=\"Tiempo de lectura\" \/>\n\t<meta name=\"twitter:data2\" content=\"1 minuto\" \/>\n<script type=\"application\/ld+json\" class=\"yoast-schema-graph\">{\"@context\":\"https:\\\/\\\/schema.org\",\"@graph\":[{\"@type\":\"Article\",\"@id\":\"https:\\\/\\\/gimnasticdetarragona.cat\\\/es\\\/cesar-morgado-nuevo-central-para-el-eje-de-la-defensa-grana\\\/#article\",\"isPartOf\":{\"@id\":\"https:\\\/\\\/gimnasticdetarragona.cat\\\/es\\\/cesar-morgado-nuevo-central-para-el-eje-de-la-defensa-grana\\\/\"},\"author\":{\"name\":\"Comunicacion\",\"@id\":\"https:\\\/\\\/gimnasticdetarragona.cat\\\/es\\\/#\\\/schema\\\/person\\\/0a9b7103e7dd73640eb245c4aa4afb8d\"},\"headline\":\"C\u00e9sar Morgado, nuevo central para el eje de la defensa grana\",\"datePublished\":\"2025-07-04T10:10:47+00:00\",\"dateModified\":\"2025-07-04T10:10:54+00:00\",\"mainEntityOfPage\":{\"@id\":\"https:\\\/\\\/gimnasticdetarragona.cat\\\/es\\\/cesar-morgado-nuevo-central-para-el-eje-de-la-defensa-grana\\\/\"},\"wordCount\":194,\"publisher\":{\"@id\":\"https:\\\/\\\/gimnasticdetarragona.cat\\\/es\\\/#organization\"},\"image\":{\"@id\":\"https:\\\/\\\/gimnasticdetarragona.cat\\\/es\\\/cesar-morgado-nuevo-central-para-el-eje-de-la-defensa-grana\\\/#primaryimage\"},\"thumbnailUrl\":\"https:\\\/\\\/gimnasticdetarragona.cat\\\/wp-content\\\/uploads\\\/2025\\\/07\\\/BENVINGUT-Morgado.jpg\",\"articleSection\":[\"Actualidad\",\"Primer Equipo\"],\"inLanguage\":\"es\"},{\"@type\":\"WebPage\",\"@id\":\"https:\\\/\\\/gimnasticdetarragona.cat\\\/es\\\/cesar-morgado-nuevo-central-para-el-eje-de-la-defensa-grana\\\/\",\"url\":\"https:\\\/\\\/gimnasticdetarragona.cat\\\/es\\\/cesar-morgado-nuevo-central-para-el-eje-de-la-defensa-grana\\\/\",\"name\":\"C\u00e9sar Morgado, nuevo central para el eje de la defensa grana - Gimn\u00e0stic de Tarragona SAD\",\"isPartOf\":{\"@id\":\"https:\\\/\\\/gimnasticdetarragona.cat\\\/es\\\/#website\"},\"primaryImageOfPage\":{\"@id\":\"https:\\\/\\\/gimnasticdetarragona.cat\\\/es\\\/cesar-morgado-nuevo-central-para-el-eje-de-la-defensa-grana\\\/#primaryimage\"},\"image\":{\"@id\":\"https:\\\/\\\/gimnasticdetarragona.cat\\\/es\\\/cesar-morgado-nuevo-central-para-el-eje-de-la-defensa-grana\\\/#primaryimage\"},\"thumbnailUrl\":\"https:\\\/\\\/gimnasticdetarragona.cat\\\/wp-content\\\/uploads\\\/2025\\\/07\\\/BENVINGUT-Morgado.jpg\",\"datePublished\":\"2025-07-04T10:10:47+00:00\",\"dateModified\":\"2025-07-04T10:10:54+00:00\",\"breadcrumb\":{\"@id\":\"https:\\\/\\\/gimnasticdetarragona.cat\\\/es\\\/cesar-morgado-nuevo-central-para-el-eje-de-la-defensa-grana\\\/#breadcrumb\"},\"inLanguage\":\"es\",\"potentialAction\":[{\"@type\":\"ReadAction\",\"target\":[\"https:\\\/\\\/gimnasticdetarragona.cat\\\/es\\\/cesar-morgado-nuevo-central-para-el-eje-de-la-defensa-grana\\\/\"]}]},{\"@type\":\"ImageObject\",\"inLanguage\":\"es\",\"@id\":\"https:\\\/\\\/gimnasticdetarragona.cat\\\/es\\\/cesar-morgado-nuevo-central-para-el-eje-de-la-defensa-grana\\\/#primaryimage\",\"url\":\"https:\\\/\\\/gimnasticdetarragona.cat\\\/wp-content\\\/uploads\\\/2025\\\/07\\\/BENVINGUT-Morgado.jpg\",\"contentUrl\":\"https:\\\/\\\/gimnasticdetarragona.cat\\\/wp-content\\\/uploads\\\/2025\\\/07\\\/BENVINGUT-Morgado.jpg\",\"width\":1281,\"height\":1488},{\"@type\":\"BreadcrumbList\",\"@id\":\"https:\\\/\\\/gimnasticdetarragona.cat\\\/es\\\/cesar-morgado-nuevo-central-para-el-eje-de-la-defensa-grana\\\/#breadcrumb\",\"itemListElement\":[{\"@type\":\"ListItem\",\"position\":1,\"name\":\"Inici\",\"item\":\"https:\\\/\\\/gimnasticdetarragona.cat\\\/es\\\/nastic\\\/\"},{\"@type\":\"ListItem\",\"position\":2,\"name\":\"C\u00e9sar Morgado, nuevo central para el eje de la defensa grana\"}]},{\"@type\":\"WebSite\",\"@id\":\"https:\\\/\\\/gimnasticdetarragona.cat\\\/es\\\/#website\",\"url\":\"https:\\\/\\\/gimnasticdetarragona.cat\\\/es\\\/\",\"name\":\"Gimn\u00e0stic de Tarragona SAD\",\"description\":\"Gimn\u00e0stic de Tarragona\",\"publisher\":{\"@id\":\"https:\\\/\\\/gimnasticdetarragona.cat\\\/es\\\/#organization\"},\"potentialAction\":[{\"@type\":\"SearchAction\",\"target\":{\"@type\":\"EntryPoint\",\"urlTemplate\":\"https:\\\/\\\/gimnasticdetarragona.cat\\\/es\\\/?s={search_term_string}\"},\"query-input\":{\"@type\":\"PropertyValueSpecification\",\"valueRequired\":true,\"valueName\":\"search_term_string\"}}],\"inLanguage\":\"es\"},{\"@type\":\"Organization\",\"@id\":\"https:\\\/\\\/gimnasticdetarragona.cat\\\/es\\\/#organization\",\"name\":\"GIMN\u00c0STIC DE TARRAGONA\",\"alternateName\":\"N\u00c0STIC\",\"url\":\"https:\\\/\\\/gimnasticdetarragona.cat\\\/es\\\/\",\"logo\":{\"@type\":\"ImageObject\",\"inLanguage\":\"es\",\"@id\":\"https:\\\/\\\/gimnasticdetarragona.cat\\\/es\\\/#\\\/schema\\\/logo\\\/image\\\/\",\"url\":\"https:\\\/\\\/gimnasticdetarragona.cat\\\/wp-content\\\/uploads\\\/2022\\\/06\\\/cropped-logo-gimnastic.png\",\"contentUrl\":\"https:\\\/\\\/gimnasticdetarragona.cat\\\/wp-content\\\/uploads\\\/2022\\\/06\\\/cropped-logo-gimnastic.png\",\"width\":224,\"height\":83,\"caption\":\"GIMN\u00c0STIC DE TARRAGONA\"},\"image\":{\"@id\":\"https:\\\/\\\/gimnasticdetarragona.cat\\\/es\\\/#\\\/schema\\\/logo\\\/image\\\/\"},\"sameAs\":[\"https:\\\/\\\/x.com\\\/NASTICTARRAGONA\",\"https:\\\/\\\/www.instagram.com\\\/nastictarragona\\\/\"]},{\"@type\":\"Person\",\"@id\":\"https:\\\/\\\/gimnasticdetarragona.cat\\\/es\\\/#\\\/schema\\\/person\\\/0a9b7103e7dd73640eb245c4aa4afb8d\",\"name\":\"Comunicacion\"}]}<\/script>\n<!-- \/ Yoast SEO plugin. -->","yoast_head_json":{"title":"C\u00e9sar Morgado, nuevo central para el eje de la defensa grana - Gimn\u00e0stic de Tarragona SAD","robots":{"index":"index","follow":"follow","max-snippet":"max-snippet:-1","max-image-preview":"max-image-preview:large","max-video-preview":"max-video-preview:-1"},"canonical":"https:\/\/gimnasticdetarragona.cat\/es\/cesar-morgado-nuevo-central-para-el-eje-de-la-defensa-grana\/","og_locale":"es_ES","og_type":"article","og_title":"C\u00e9sar Morgado, nuevo central para el eje de la defensa grana - Gimn\u00e0stic de Tarragona SAD","og_description":"El defensa C\u00e9sar Morgado Ortega (Barcelona, 26 de enero de 1993) firma un contrato con el Gimn\u00e0stic de Tarragona hasta junio de 2026, con una temporada opcional.El jugador llega a Tarragona tras finalizar su vinculaci\u00f3n con el FC Andorra, despu\u00e9s de lograr el ascenso a Segunda Divisi\u00f3n. El central debut\u00f3 oficialmente con el C\u00f3rdoba CF [&hellip;]","og_url":"https:\/\/gimnasticdetarragona.cat\/es\/cesar-morgado-nuevo-central-para-el-eje-de-la-defensa-grana\/","og_site_name":"Gimn\u00e0stic de Tarragona SAD","article_published_time":"2025-07-04T10:10:47+00:00","article_modified_time":"2025-07-04T10:10:54+00:00","og_image":[{"width":1281,"height":1488,"url":"https:\/\/gimnasticdetarragona.cat\/wp-content\/uploads\/2025\/07\/BENVINGUT-Morgado.jpg","type":"image\/jpeg"}],"author":"Comunicacion","twitter_card":"summary_large_image","twitter_creator":"@NASTICTARRAGONA","twitter_site":"@NASTICTARRAGONA","twitter_misc":{"Escrito por":"Comunicacion","Tiempo de lectura":"1 minuto"},"schema":{"@context":"https:\/\/schema.org","@graph":[{"@type":"Article","@id":"https:\/\/gimnasticdetarragona.cat\/es\/cesar-morgado-nuevo-central-para-el-eje-de-la-defensa-grana\/#article","isPartOf":{"@id":"https:\/\/gimnasticdetarragona.cat\/es\/cesar-morgado-nuevo-central-para-el-eje-de-la-defensa-grana\/"},"author":{"name":"Comunicacion","@id":"https:\/\/gimnasticdetarragona.cat\/es\/#\/schema\/person\/0a9b7103e7dd73640eb245c4aa4afb8d"},"headline":"C\u00e9sar Morgado, nuevo central para el eje de la defensa grana","datePublished":"2025-07-04T10:10:47+00:00","dateModified":"2025-07-04T10:10:54+00:00","mainEntityOfPage":{"@id":"https:\/\/gimnasticdetarragona.cat\/es\/cesar-morgado-nuevo-central-para-el-eje-de-la-defensa-grana\/"},"wordCount":194,"publisher":{"@id":"https:\/\/gimnasticdetarragona.cat\/es\/#organization"},"image":{"@id":"https:\/\/gimnasticdetarragona.cat\/es\/cesar-morgado-nuevo-central-para-el-eje-de-la-defensa-grana\/#primaryimage"},"thumbnailUrl":"https:\/\/gimnasticdetarragona.cat\/wp-content\/uploads\/2025\/07\/BENVINGUT-Morgado.jpg","articleSection":["Actualidad","Primer Equipo"],"inLanguage":"es"},{"@type":"WebPage","@id":"https:\/\/gimnasticdetarragona.cat\/es\/cesar-morgado-nuevo-central-para-el-eje-de-la-defensa-grana\/","url":"https:\/\/gimnasticdetarragona.cat\/es\/cesar-morgado-nuevo-central-para-el-eje-de-la-defensa-grana\/","name":"C\u00e9sar Morgado, nuevo central para el eje de la defensa grana - Gimn\u00e0stic de Tarragona SAD","isPartOf":{"@id":"https:\/\/gimnasticdetarragona.cat\/es\/#website"},"primaryImageOfPage":{"@id":"https:\/\/gimnasticdetarragona.cat\/es\/cesar-morgado-nuevo-central-para-el-eje-de-la-defensa-grana\/#primaryimage"},"image":{"@id":"https:\/\/gimnasticdetarragona.cat\/es\/cesar-morgado-nuevo-central-para-el-eje-de-la-defensa-grana\/#primaryimage"},"thumbnailUrl":"https:\/\/gimnasticdetarragona.cat\/wp-content\/uploads\/2025\/07\/BENVINGUT-Morgado.jpg","datePublished":"2025-07-04T10:10:47+00:00","dateModified":"2025-07-04T10:10:54+00:00","breadcrumb":{"@id":"https:\/\/gimnasticdetarragona.cat\/es\/cesar-morgado-nuevo-central-para-el-eje-de-la-defensa-grana\/#breadcrumb"},"inLanguage":"es","potentialAction":[{"@type":"ReadAction","target":["https:\/\/gimnasticdetarragona.cat\/es\/cesar-morgado-nuevo-central-para-el-eje-de-la-defensa-grana\/"]}]},{"@type":"ImageObject","inLanguage":"es","@id":"https:\/\/gimnasticdetarragona.cat\/es\/cesar-morgado-nuevo-central-para-el-eje-de-la-defensa-grana\/#primaryimage","url":"https:\/\/gimnasticdetarragona.cat\/wp-content\/uploads\/2025\/07\/BENVINGUT-Morgado.jpg","contentUrl":"https:\/\/gimnasticdetarragona.cat\/wp-content\/uploads\/2025\/07\/BENVINGUT-Morgado.jpg","width":1281,"height":1488},{"@type":"BreadcrumbList","@id":"https:\/\/gimnasticdetarragona.cat\/es\/cesar-morgado-nuevo-central-para-el-eje-de-la-defensa-grana\/#breadcrumb","itemListElement":[{"@type":"ListItem","position":1,"name":"Inici","item":"https:\/\/gimnasticdetarragona.cat\/es\/nastic\/"},{"@type":"ListItem","position":2,"name":"C\u00e9sar Morgado, nuevo central para el eje de la defensa grana"}]},{"@type":"WebSite","@id":"https:\/\/gimnasticdetarragona.cat\/es\/#website","url":"https:\/\/gimnasticdetarragona.cat\/es\/","name":"Gimn\u00e0stic de Tarragona SAD","description":"Gimn\u00e0stic de Tarragona","publisher":{"@id":"https:\/\/gimnasticdetarragona.cat\/es\/#organization"},"potentialAction":[{"@type":"SearchAction","target":{"@type":"EntryPoint","urlTemplate":"https:\/\/gimnasticdetarragona.cat\/es\/?s={search_term_string}"},"query-input":{"@type":"PropertyValueSpecification","valueRequired":true,"valueName":"search_term_string"}}],"inLanguage":"es"},{"@type":"Organization","@id":"https:\/\/gimnasticdetarragona.cat\/es\/#organization","name":"GIMN\u00c0STIC DE TARRAGONA","alternateName":"N\u00c0STIC","url":"https:\/\/gimnasticdetarragona.cat\/es\/","logo":{"@type":"ImageObject","inLanguage":"es","@id":"https:\/\/gimnasticdetarragona.cat\/es\/#\/schema\/logo\/image\/","url":"https:\/\/gimnasticdetarragona.cat\/wp-content\/uploads\/2022\/06\/cropped-logo-gimnastic.png","contentUrl":"https:\/\/gimnasticdetarragona.cat\/wp-content\/uploads\/2022\/06\/cropped-logo-gimnastic.png","width":224,"height":83,"caption":"GIMN\u00c0STIC DE TARRAGONA"},"image":{"@id":"https:\/\/gimnasticdetarragona.cat\/es\/#\/schema\/logo\/image\/"},"sameAs":["https:\/\/x.com\/NASTICTARRAGONA","https:\/\/www.instagram.com\/nastictarragona\/"]},{"@type":"Person","@id":"https:\/\/gimnasticdetarragona.cat\/es\/#\/schema\/person\/0a9b7103e7dd73640eb245c4aa4afb8d","name":"Comunicacion"}]}},"_links":{"self":[{"href":"https:\/\/gimnasticdetarragona.cat\/es\/wp-json\/wp\/v2\/posts\/99551","targetHints":{"allow":["GET"]}}],"collection":[{"href":"https:\/\/gimnasticdetarragona.cat\/es\/wp-json\/wp\/v2\/posts"}],"about":[{"href":"https:\/\/gimnasticdetarragona.cat\/es\/wp-json\/wp\/v2\/types\/post"}],"author":[{"embeddable":true,"href":"https:\/\/gimnasticdetarragona.cat\/es\/wp-json\/wp\/v2\/users\/7"}],"replies":[{"embeddable":true,"href":"https:\/\/gimnasticdetarragona.cat\/es\/wp-json\/wp\/v2\/comments?post=99551"}],"version-history":[{"count":1,"href":"https:\/\/gimnasticdetarragona.cat\/es\/wp-json\/wp\/v2\/posts\/99551\/revisions"}],"predecessor-version":[{"id":99555,"href":"https:\/\/gimnasticdetarragona.cat\/es\/wp-json\/wp\/v2\/posts\/99551\/revisions\/99555"}],"wp:featuredmedia":[{"embeddable":true,"href":"https:\/\/gimnasticdetarragona.cat\/es\/wp-json\/wp\/v2\/media\/99552"}],"wp:attachment":[{"href":"https:\/\/gimnasticdetarragona.cat\/es\/wp-json\/wp\/v2\/media?parent=99551"}],"wp:term":[{"taxonomy":"category","embeddable":true,"href":"https:\/\/gimnasticdetarragona.cat\/es\/wp-json\/wp\/v2\/categories?post=99551"},{"taxonomy":"post_tag","embeddable":true,"href":"https:\/\/gimnasticdetarragona.cat\/es\/wp-json\/wp\/v2\/tags?post=99551"}],"curies":[{"name":"wp","href":"https:\/\/api.w.org\/{rel}","templated":true}]}}