{"id":99560,"date":"2025-07-04T20:37:05","date_gmt":"2025-07-04T18:37:05","guid":{"rendered":"https:\/\/gimnasticdetarragona.cat\/?p=99560"},"modified":"2025-07-04T20:37:24","modified_gmt":"2025-07-04T18:37:24","slug":"pau-martinez-nuevo-jugador-grana","status":"publish","type":"post","link":"https:\/\/gimnasticdetarragona.cat\/es\/pau-martinez-nuevo-jugador-grana\/","title":{"rendered":"Pau Mart\u00ednez, nuevo jugador grana"},"content":{"rendered":"\n<p>El futbolista Pau Mart\u00ednez Gil (Blanes, 10 de noviembre de 2000) es el nuevo refuerzo de la entidad tarraconense en el presente mercado de fichajes de verano. El atacante gerundense vestir\u00e1 la camiseta grana hasta el 30 de junio de 2027.<\/p>\n\n\n\n<p>Pau llega a Tarragona tras finalizar su vinculaci\u00f3n con el Unionistas de Salamanca CF, equipo con el que ha disputado 36 partidos oficiales esta temporada en Primera Federaci\u00f3n.<\/p>\n\n\n\n<p>El nuevo jugador grana debut\u00f3 oficialmente con el RCD Espanyol B y adquiri\u00f3 experiencia en la cantera del CA Osasuna, llegando a entrar en din\u00e1mica del primer equipo. Adem\u00e1s, tambi\u00e9n ha defendido los colores del FC Andorra y del San Fernando CD. Aportar\u00e1 talento ofensivo, destacando por su creatividad a la hora de generar peligro en los metros finales, su intensidad, una gran capacidad de definici\u00f3n, as\u00ed como un buen golpeo de bal\u00f3n.<\/p>\n\n\n\n<p>Pau Mart\u00ednez se incorporar\u00e1 a la din\u00e1mica del primer equipo tan pronto como d\u00e9 comienzo la pretemporada, para ponerse a las \u00f3rdenes del equipo dirigido por Luis C\u00e9sar.<\/p>\n\n\n\n<p><\/p>\n","protected":false},"excerpt":{"rendered":"<p>El futbolista Pau Mart\u00ednez Gil (Blanes, 10 de noviembre de 2000) es el nuevo refuerzo de la entidad tarraconense en el presente mercado de fichajes de verano. El atacante gerundense vestir\u00e1 la camiseta grana hasta el 30 de junio de 2027. Pau llega a Tarragona tras finalizar su vinculaci\u00f3n con el Unionistas de Salamanca CF, [&hellip;]<\/p>\n","protected":false},"author":7,"featured_media":99559,"comment_status":"closed","ping_status":"closed","sticky":false,"template":"","format":"standard","meta":{"_acf_changed":false,"footnotes":""},"categories":[113,126],"tags":[],"class_list":["post-99560","post","type-post","status-publish","format-standard","has-post-thumbnail","hentry","category-actualidad","category-primer-equipo"],"acf":[],"yoast_head":"<!-- This site is optimized with the Yoast SEO plugin v27.3 - https:\/\/yoast.com\/product\/yoast-seo-wordpress\/ -->\n<title>Pau Mart\u00ednez, nuevo jugador grana - Gimn\u00e0stic de Tarragona SAD<\/title>\n<meta name=\"robots\" content=\"index, follow, max-snippet:-1, max-image-preview:large, max-video-preview:-1\" \/>\n<link rel=\"canonical\" href=\"https:\/\/gimnasticdetarragona.cat\/es\/pau-martinez-nuevo-jugador-grana\/\" \/>\n<meta property=\"og:locale\" content=\"es_ES\" \/>\n<meta property=\"og:type\" content=\"article\" \/>\n<meta property=\"og:title\" content=\"Pau Mart\u00ednez, nuevo jugador grana - Gimn\u00e0stic de Tarragona SAD\" \/>\n<meta property=\"og:description\" content=\"El futbolista Pau Mart\u00ednez Gil (Blanes, 10 de noviembre de 2000) es el nuevo refuerzo de la entidad tarraconense en el presente mercado de fichajes de verano. El atacante gerundense vestir\u00e1 la camiseta grana hasta el 30 de junio de 2027. Pau llega a Tarragona tras finalizar su vinculaci\u00f3n con el Unionistas de Salamanca CF, [&hellip;]\" \/>\n<meta property=\"og:url\" content=\"https:\/\/gimnasticdetarragona.cat\/es\/pau-martinez-nuevo-jugador-grana\/\" \/>\n<meta property=\"og:site_name\" content=\"Gimn\u00e0stic de Tarragona SAD\" \/>\n<meta property=\"article:published_time\" content=\"2025-07-04T18:37:05+00:00\" \/>\n<meta property=\"article:modified_time\" content=\"2025-07-04T18:37:24+00:00\" \/>\n<meta property=\"og:image\" content=\"https:\/\/gimnasticdetarragona.cat\/wp-content\/uploads\/2025\/07\/BENVINGUT-Pau-Martinez.jpg\" \/>\n\t<meta property=\"og:image:width\" content=\"1281\" \/>\n\t<meta property=\"og:image:height\" content=\"1488\" \/>\n\t<meta property=\"og:image:type\" content=\"image\/jpeg\" \/>\n<meta name=\"author\" content=\"Comunicacion\" \/>\n<meta name=\"twitter:card\" content=\"summary_large_image\" \/>\n<meta name=\"twitter:creator\" content=\"@NASTICTARRAGONA\" \/>\n<meta name=\"twitter:site\" content=\"@NASTICTARRAGONA\" \/>\n<meta name=\"twitter:label1\" content=\"Escrito por\" \/>\n\t<meta name=\"twitter:data1\" content=\"Comunicacion\" \/>\n\t<meta name=\"twitter:label2\" content=\"Tiempo de lectura\" \/>\n\t<meta name=\"twitter:data2\" content=\"1 minuto\" \/>\n<script type=\"application\/ld+json\" class=\"yoast-schema-graph\">{\"@context\":\"https:\\\/\\\/schema.org\",\"@graph\":[{\"@type\":\"Article\",\"@id\":\"https:\\\/\\\/gimnasticdetarragona.cat\\\/es\\\/pau-martinez-nuevo-jugador-grana\\\/#article\",\"isPartOf\":{\"@id\":\"https:\\\/\\\/gimnasticdetarragona.cat\\\/es\\\/pau-martinez-nuevo-jugador-grana\\\/\"},\"author\":{\"name\":\"Comunicacion\",\"@id\":\"https:\\\/\\\/gimnasticdetarragona.cat\\\/es\\\/#\\\/schema\\\/person\\\/0a9b7103e7dd73640eb245c4aa4afb8d\"},\"headline\":\"Pau Mart\u00ednez, nuevo jugador grana\",\"datePublished\":\"2025-07-04T18:37:05+00:00\",\"dateModified\":\"2025-07-04T18:37:24+00:00\",\"mainEntityOfPage\":{\"@id\":\"https:\\\/\\\/gimnasticdetarragona.cat\\\/es\\\/pau-martinez-nuevo-jugador-grana\\\/\"},\"wordCount\":182,\"publisher\":{\"@id\":\"https:\\\/\\\/gimnasticdetarragona.cat\\\/es\\\/#organization\"},\"image\":{\"@id\":\"https:\\\/\\\/gimnasticdetarragona.cat\\\/es\\\/pau-martinez-nuevo-jugador-grana\\\/#primaryimage\"},\"thumbnailUrl\":\"https:\\\/\\\/gimnasticdetarragona.cat\\\/wp-content\\\/uploads\\\/2025\\\/07\\\/BENVINGUT-Pau-Martinez.jpg\",\"articleSection\":[\"Actualidad\",\"Primer Equipo\"],\"inLanguage\":\"es\"},{\"@type\":\"WebPage\",\"@id\":\"https:\\\/\\\/gimnasticdetarragona.cat\\\/es\\\/pau-martinez-nuevo-jugador-grana\\\/\",\"url\":\"https:\\\/\\\/gimnasticdetarragona.cat\\\/es\\\/pau-martinez-nuevo-jugador-grana\\\/\",\"name\":\"Pau Mart\u00ednez, nuevo jugador grana - Gimn\u00e0stic de Tarragona SAD\",\"isPartOf\":{\"@id\":\"https:\\\/\\\/gimnasticdetarragona.cat\\\/es\\\/#website\"},\"primaryImageOfPage\":{\"@id\":\"https:\\\/\\\/gimnasticdetarragona.cat\\\/es\\\/pau-martinez-nuevo-jugador-grana\\\/#primaryimage\"},\"image\":{\"@id\":\"https:\\\/\\\/gimnasticdetarragona.cat\\\/es\\\/pau-martinez-nuevo-jugador-grana\\\/#primaryimage\"},\"thumbnailUrl\":\"https:\\\/\\\/gimnasticdetarragona.cat\\\/wp-content\\\/uploads\\\/2025\\\/07\\\/BENVINGUT-Pau-Martinez.jpg\",\"datePublished\":\"2025-07-04T18:37:05+00:00\",\"dateModified\":\"2025-07-04T18:37:24+00:00\",\"breadcrumb\":{\"@id\":\"https:\\\/\\\/gimnasticdetarragona.cat\\\/es\\\/pau-martinez-nuevo-jugador-grana\\\/#breadcrumb\"},\"inLanguage\":\"es\",\"potentialAction\":[{\"@type\":\"ReadAction\",\"target\":[\"https:\\\/\\\/gimnasticdetarragona.cat\\\/es\\\/pau-martinez-nuevo-jugador-grana\\\/\"]}]},{\"@type\":\"ImageObject\",\"inLanguage\":\"es\",\"@id\":\"https:\\\/\\\/gimnasticdetarragona.cat\\\/es\\\/pau-martinez-nuevo-jugador-grana\\\/#primaryimage\",\"url\":\"https:\\\/\\\/gimnasticdetarragona.cat\\\/wp-content\\\/uploads\\\/2025\\\/07\\\/BENVINGUT-Pau-Martinez.jpg\",\"contentUrl\":\"https:\\\/\\\/gimnasticdetarragona.cat\\\/wp-content\\\/uploads\\\/2025\\\/07\\\/BENVINGUT-Pau-Martinez.jpg\",\"width\":1281,\"height\":1488},{\"@type\":\"BreadcrumbList\",\"@id\":\"https:\\\/\\\/gimnasticdetarragona.cat\\\/es\\\/pau-martinez-nuevo-jugador-grana\\\/#breadcrumb\",\"itemListElement\":[{\"@type\":\"ListItem\",\"position\":1,\"name\":\"Inici\",\"item\":\"https:\\\/\\\/gimnasticdetarragona.cat\\\/es\\\/nastic\\\/\"},{\"@type\":\"ListItem\",\"position\":2,\"name\":\"Pau Mart\u00ednez, nuevo jugador grana\"}]},{\"@type\":\"WebSite\",\"@id\":\"https:\\\/\\\/gimnasticdetarragona.cat\\\/es\\\/#website\",\"url\":\"https:\\\/\\\/gimnasticdetarragona.cat\\\/es\\\/\",\"name\":\"Gimn\u00e0stic de Tarragona SAD\",\"description\":\"Gimn\u00e0stic de Tarragona\",\"publisher\":{\"@id\":\"https:\\\/\\\/gimnasticdetarragona.cat\\\/es\\\/#organization\"},\"potentialAction\":[{\"@type\":\"SearchAction\",\"target\":{\"@type\":\"EntryPoint\",\"urlTemplate\":\"https:\\\/\\\/gimnasticdetarragona.cat\\\/es\\\/?s={search_term_string}\"},\"query-input\":{\"@type\":\"PropertyValueSpecification\",\"valueRequired\":true,\"valueName\":\"search_term_string\"}}],\"inLanguage\":\"es\"},{\"@type\":\"Organization\",\"@id\":\"https:\\\/\\\/gimnasticdetarragona.cat\\\/es\\\/#organization\",\"name\":\"GIMN\u00c0STIC DE TARRAGONA\",\"alternateName\":\"N\u00c0STIC\",\"url\":\"https:\\\/\\\/gimnasticdetarragona.cat\\\/es\\\/\",\"logo\":{\"@type\":\"ImageObject\",\"inLanguage\":\"es\",\"@id\":\"https:\\\/\\\/gimnasticdetarragona.cat\\\/es\\\/#\\\/schema\\\/logo\\\/image\\\/\",\"url\":\"https:\\\/\\\/gimnasticdetarragona.cat\\\/wp-content\\\/uploads\\\/2022\\\/06\\\/cropped-logo-gimnastic.png\",\"contentUrl\":\"https:\\\/\\\/gimnasticdetarragona.cat\\\/wp-content\\\/uploads\\\/2022\\\/06\\\/cropped-logo-gimnastic.png\",\"width\":224,\"height\":83,\"caption\":\"GIMN\u00c0STIC DE TARRAGONA\"},\"image\":{\"@id\":\"https:\\\/\\\/gimnasticdetarragona.cat\\\/es\\\/#\\\/schema\\\/logo\\\/image\\\/\"},\"sameAs\":[\"https:\\\/\\\/x.com\\\/NASTICTARRAGONA\",\"https:\\\/\\\/www.instagram.com\\\/nastictarragona\\\/\"]},{\"@type\":\"Person\",\"@id\":\"https:\\\/\\\/gimnasticdetarragona.cat\\\/es\\\/#\\\/schema\\\/person\\\/0a9b7103e7dd73640eb245c4aa4afb8d\",\"name\":\"Comunicacion\"}]}<\/script>\n<!-- \/ Yoast SEO plugin. -->","yoast_head_json":{"title":"Pau Mart\u00ednez, nuevo jugador grana - Gimn\u00e0stic de Tarragona SAD","robots":{"index":"index","follow":"follow","max-snippet":"max-snippet:-1","max-image-preview":"max-image-preview:large","max-video-preview":"max-video-preview:-1"},"canonical":"https:\/\/gimnasticdetarragona.cat\/es\/pau-martinez-nuevo-jugador-grana\/","og_locale":"es_ES","og_type":"article","og_title":"Pau Mart\u00ednez, nuevo jugador grana - Gimn\u00e0stic de Tarragona SAD","og_description":"El futbolista Pau Mart\u00ednez Gil (Blanes, 10 de noviembre de 2000) es el nuevo refuerzo de la entidad tarraconense en el presente mercado de fichajes de verano. El atacante gerundense vestir\u00e1 la camiseta grana hasta el 30 de junio de 2027. Pau llega a Tarragona tras finalizar su vinculaci\u00f3n con el Unionistas de Salamanca CF, [&hellip;]","og_url":"https:\/\/gimnasticdetarragona.cat\/es\/pau-martinez-nuevo-jugador-grana\/","og_site_name":"Gimn\u00e0stic de Tarragona SAD","article_published_time":"2025-07-04T18:37:05+00:00","article_modified_time":"2025-07-04T18:37:24+00:00","og_image":[{"width":1281,"height":1488,"url":"https:\/\/gimnasticdetarragona.cat\/wp-content\/uploads\/2025\/07\/BENVINGUT-Pau-Martinez.jpg","type":"image\/jpeg"}],"author":"Comunicacion","twitter_card":"summary_large_image","twitter_creator":"@NASTICTARRAGONA","twitter_site":"@NASTICTARRAGONA","twitter_misc":{"Escrito por":"Comunicacion","Tiempo de lectura":"1 minuto"},"schema":{"@context":"https:\/\/schema.org","@graph":[{"@type":"Article","@id":"https:\/\/gimnasticdetarragona.cat\/es\/pau-martinez-nuevo-jugador-grana\/#article","isPartOf":{"@id":"https:\/\/gimnasticdetarragona.cat\/es\/pau-martinez-nuevo-jugador-grana\/"},"author":{"name":"Comunicacion","@id":"https:\/\/gimnasticdetarragona.cat\/es\/#\/schema\/person\/0a9b7103e7dd73640eb245c4aa4afb8d"},"headline":"Pau Mart\u00ednez, nuevo jugador grana","datePublished":"2025-07-04T18:37:05+00:00","dateModified":"2025-07-04T18:37:24+00:00","mainEntityOfPage":{"@id":"https:\/\/gimnasticdetarragona.cat\/es\/pau-martinez-nuevo-jugador-grana\/"},"wordCount":182,"publisher":{"@id":"https:\/\/gimnasticdetarragona.cat\/es\/#organization"},"image":{"@id":"https:\/\/gimnasticdetarragona.cat\/es\/pau-martinez-nuevo-jugador-grana\/#primaryimage"},"thumbnailUrl":"https:\/\/gimnasticdetarragona.cat\/wp-content\/uploads\/2025\/07\/BENVINGUT-Pau-Martinez.jpg","articleSection":["Actualidad","Primer Equipo"],"inLanguage":"es"},{"@type":"WebPage","@id":"https:\/\/gimnasticdetarragona.cat\/es\/pau-martinez-nuevo-jugador-grana\/","url":"https:\/\/gimnasticdetarragona.cat\/es\/pau-martinez-nuevo-jugador-grana\/","name":"Pau Mart\u00ednez, nuevo jugador grana - Gimn\u00e0stic de Tarragona SAD","isPartOf":{"@id":"https:\/\/gimnasticdetarragona.cat\/es\/#website"},"primaryImageOfPage":{"@id":"https:\/\/gimnasticdetarragona.cat\/es\/pau-martinez-nuevo-jugador-grana\/#primaryimage"},"image":{"@id":"https:\/\/gimnasticdetarragona.cat\/es\/pau-martinez-nuevo-jugador-grana\/#primaryimage"},"thumbnailUrl":"https:\/\/gimnasticdetarragona.cat\/wp-content\/uploads\/2025\/07\/BENVINGUT-Pau-Martinez.jpg","datePublished":"2025-07-04T18:37:05+00:00","dateModified":"2025-07-04T18:37:24+00:00","breadcrumb":{"@id":"https:\/\/gimnasticdetarragona.cat\/es\/pau-martinez-nuevo-jugador-grana\/#breadcrumb"},"inLanguage":"es","potentialAction":[{"@type":"ReadAction","target":["https:\/\/gimnasticdetarragona.cat\/es\/pau-martinez-nuevo-jugador-grana\/"]}]},{"@type":"ImageObject","inLanguage":"es","@id":"https:\/\/gimnasticdetarragona.cat\/es\/pau-martinez-nuevo-jugador-grana\/#primaryimage","url":"https:\/\/gimnasticdetarragona.cat\/wp-content\/uploads\/2025\/07\/BENVINGUT-Pau-Martinez.jpg","contentUrl":"https:\/\/gimnasticdetarragona.cat\/wp-content\/uploads\/2025\/07\/BENVINGUT-Pau-Martinez.jpg","width":1281,"height":1488},{"@type":"BreadcrumbList","@id":"https:\/\/gimnasticdetarragona.cat\/es\/pau-martinez-nuevo-jugador-grana\/#breadcrumb","itemListElement":[{"@type":"ListItem","position":1,"name":"Inici","item":"https:\/\/gimnasticdetarragona.cat\/es\/nastic\/"},{"@type":"ListItem","position":2,"name":"Pau Mart\u00ednez, nuevo jugador grana"}]},{"@type":"WebSite","@id":"https:\/\/gimnasticdetarragona.cat\/es\/#website","url":"https:\/\/gimnasticdetarragona.cat\/es\/","name":"Gimn\u00e0stic de Tarragona SAD","description":"Gimn\u00e0stic de Tarragona","publisher":{"@id":"https:\/\/gimnasticdetarragona.cat\/es\/#organization"},"potentialAction":[{"@type":"SearchAction","target":{"@type":"EntryPoint","urlTemplate":"https:\/\/gimnasticdetarragona.cat\/es\/?s={search_term_string}"},"query-input":{"@type":"PropertyValueSpecification","valueRequired":true,"valueName":"search_term_string"}}],"inLanguage":"es"},{"@type":"Organization","@id":"https:\/\/gimnasticdetarragona.cat\/es\/#organization","name":"GIMN\u00c0STIC DE TARRAGONA","alternateName":"N\u00c0STIC","url":"https:\/\/gimnasticdetarragona.cat\/es\/","logo":{"@type":"ImageObject","inLanguage":"es","@id":"https:\/\/gimnasticdetarragona.cat\/es\/#\/schema\/logo\/image\/","url":"https:\/\/gimnasticdetarragona.cat\/wp-content\/uploads\/2022\/06\/cropped-logo-gimnastic.png","contentUrl":"https:\/\/gimnasticdetarragona.cat\/wp-content\/uploads\/2022\/06\/cropped-logo-gimnastic.png","width":224,"height":83,"caption":"GIMN\u00c0STIC DE TARRAGONA"},"image":{"@id":"https:\/\/gimnasticdetarragona.cat\/es\/#\/schema\/logo\/image\/"},"sameAs":["https:\/\/x.com\/NASTICTARRAGONA","https:\/\/www.instagram.com\/nastictarragona\/"]},{"@type":"Person","@id":"https:\/\/gimnasticdetarragona.cat\/es\/#\/schema\/person\/0a9b7103e7dd73640eb245c4aa4afb8d","name":"Comunicacion"}]}},"_links":{"self":[{"href":"https:\/\/gimnasticdetarragona.cat\/es\/wp-json\/wp\/v2\/posts\/99560","targetHints":{"allow":["GET"]}}],"collection":[{"href":"https:\/\/gimnasticdetarragona.cat\/es\/wp-json\/wp\/v2\/posts"}],"about":[{"href":"https:\/\/gimnasticdetarragona.cat\/es\/wp-json\/wp\/v2\/types\/post"}],"author":[{"embeddable":true,"href":"https:\/\/gimnasticdetarragona.cat\/es\/wp-json\/wp\/v2\/users\/7"}],"replies":[{"embeddable":true,"href":"https:\/\/gimnasticdetarragona.cat\/es\/wp-json\/wp\/v2\/comments?post=99560"}],"version-history":[{"count":1,"href":"https:\/\/gimnasticdetarragona.cat\/es\/wp-json\/wp\/v2\/posts\/99560\/revisions"}],"predecessor-version":[{"id":99562,"href":"https:\/\/gimnasticdetarragona.cat\/es\/wp-json\/wp\/v2\/posts\/99560\/revisions\/99562"}],"wp:featuredmedia":[{"embeddable":true,"href":"https:\/\/gimnasticdetarragona.cat\/es\/wp-json\/wp\/v2\/media\/99559"}],"wp:attachment":[{"href":"https:\/\/gimnasticdetarragona.cat\/es\/wp-json\/wp\/v2\/media?parent=99560"}],"wp:term":[{"taxonomy":"category","embeddable":true,"href":"https:\/\/gimnasticdetarragona.cat\/es\/wp-json\/wp\/v2\/categories?post=99560"},{"taxonomy":"post_tag","embeddable":true,"href":"https:\/\/gimnasticdetarragona.cat\/es\/wp-json\/wp\/v2\/tags?post=99560"}],"curies":[{"name":"wp","href":"https:\/\/api.w.org\/{rel}","templated":true}]}}