{"id":99596,"date":"2025-07-09T17:18:00","date_gmt":"2025-07-09T15:18:00","guid":{"rendered":"https:\/\/gimnasticdetarragona.cat\/?p=99596"},"modified":"2025-07-09T18:02:16","modified_gmt":"2025-07-09T16:02:16","slug":"nastic-fc-andorra-nuevo-amistoso-de-la-pretemporada-grana-25-26","status":"publish","type":"post","link":"https:\/\/gimnasticdetarragona.cat\/es\/nastic-fc-andorra-nuevo-amistoso-de-la-pretemporada-grana-25-26\/","title":{"rendered":"N\u00e0stic \u2013 FC Andorra, nuevo amistoso de la Pretemporada Grana 25\/26"},"content":{"rendered":"\n<p>El primer partido de preparaci\u00f3n del Gimn\u00e0stic de Tarragona 2025-2026 en el Nou Estadi Costa Daurada se disputar\u00e1 ante el conjunto del Principado de Andorra. El nuevo equipo de LaLiga Hypermotion visitar\u00e1 el Nou Estadi Costa Daurada el primer d\u00eda del mes de agosto.<\/p>\n\n\n\n<p>Para este partido ser\u00e1n v\u00e1lidos los abonos de socio de la nueva temporada, la 2025-2026, y tambi\u00e9n los de la pasada, la 2024-2025. El precio de las entradas por el p\u00fablico en general es de 15\u20ac en los Goles, 20 \u20ac en Preferente y 30 \u20ac en la zona de Tribuna.<\/p>\n\n\n\n<p>Los amistosos a domicilio confirmados hasta el momento (Valencia Mestalla, Bar\u00e7a Atl\u00e8tic y Villarreal &#8216;B&#8217;) se disputar\u00e1n a puerta abierta. En los pr\u00f3ximos d\u00edas se informar\u00e1 del precio de las entradas por estos enfrentamientos, una vez que se informe desde los clubs locales.<\/p>\n\n\n\n<p><strong>Amistosos 2025-2026 confirmados hasta la fecha:<\/strong><\/p>\n\n\n\n<ul class=\"wp-block-list\">\n<li>Valencia Mestalla \u2013 <strong>N\u00e0stic<\/strong> (Ciutat Esportiva VCF): domingo 27 de julio, a las 19h<\/li>\n\n\n\n<li><strong>N\u00e0stic<\/strong> \u2013 FC Andorra (Nou Estadi Costa Daurada): viernes 1 de agosto, a las 20h<\/li>\n\n\n\n<li>Bar\u00e7a Atl\u00e8tic \u2013 <strong>N\u00e0stic<\/strong> (Estadi Johan Cruyff): s\u00e1bado 9 de agosto, a las 19h<\/li>\n\n\n\n<li>Villarreal &#8216;B&#8217; \u2013 <strong>N\u00e0stic<\/strong> (Ciutat Esportiva Jos\u00e9 Manuel Llaneza): mi\u00e9rcoles 13 de agosto, a las 19h<\/li>\n<\/ul>\n\n\n\n<p><\/p>\n","protected":false},"excerpt":{"rendered":"<p>El viernes 1 de agosto, a las 20h, en el Nou Estadi Costa Daurada<\/p>\n","protected":false},"author":7,"featured_media":99598,"comment_status":"closed","ping_status":"closed","sticky":false,"template":"","format":"standard","meta":{"_acf_changed":false,"footnotes":""},"categories":[113,114,126,138],"tags":[],"class_list":["post-99596","post","type-post","status-publish","format-standard","has-post-thumbnail","hentry","category-actualidad","category-aficion","category-primer-equipo","category-socio"],"acf":[],"yoast_head":"<!-- This site is optimized with the Yoast SEO plugin v27.3 - https:\/\/yoast.com\/product\/yoast-seo-wordpress\/ -->\n<title>N\u00e0stic \u2013 FC Andorra, nuevo amistoso de la Pretemporada Grana 25\/26 - Gimn\u00e0stic de Tarragona SAD<\/title>\n<meta name=\"robots\" content=\"index, follow, max-snippet:-1, max-image-preview:large, max-video-preview:-1\" \/>\n<link rel=\"canonical\" href=\"https:\/\/gimnasticdetarragona.cat\/es\/nastic-fc-andorra-nuevo-amistoso-de-la-pretemporada-grana-25-26\/\" \/>\n<meta property=\"og:locale\" content=\"es_ES\" \/>\n<meta property=\"og:type\" content=\"article\" \/>\n<meta property=\"og:title\" content=\"N\u00e0stic \u2013 FC Andorra, nuevo amistoso de la Pretemporada Grana 25\/26 - Gimn\u00e0stic de Tarragona SAD\" \/>\n<meta property=\"og:description\" content=\"El viernes 1 de agosto, a las 20h, en el Nou Estadi Costa Daurada\" \/>\n<meta property=\"og:url\" content=\"https:\/\/gimnasticdetarragona.cat\/es\/nastic-fc-andorra-nuevo-amistoso-de-la-pretemporada-grana-25-26\/\" \/>\n<meta property=\"og:site_name\" content=\"Gimn\u00e0stic de Tarragona SAD\" \/>\n<meta property=\"article:published_time\" content=\"2025-07-09T15:18:00+00:00\" \/>\n<meta property=\"article:modified_time\" content=\"2025-07-09T16:02:16+00:00\" \/>\n<meta property=\"og:image\" content=\"https:\/\/gimnasticdetarragona.cat\/wp-content\/uploads\/2025\/07\/WhatsApp-Image-2025-07-09-at-13.59.50.jpeg\" \/>\n\t<meta property=\"og:image:width\" content=\"1500\" \/>\n\t<meta property=\"og:image:height\" content=\"1500\" \/>\n\t<meta property=\"og:image:type\" content=\"image\/jpeg\" \/>\n<meta name=\"author\" content=\"Comunicacion\" \/>\n<meta name=\"twitter:card\" content=\"summary_large_image\" \/>\n<meta name=\"twitter:creator\" content=\"@NASTICTARRAGONA\" \/>\n<meta name=\"twitter:site\" content=\"@NASTICTARRAGONA\" \/>\n<meta name=\"twitter:label1\" content=\"Escrito por\" \/>\n\t<meta name=\"twitter:data1\" content=\"Comunicacion\" \/>\n\t<meta name=\"twitter:label2\" content=\"Tiempo de lectura\" \/>\n\t<meta name=\"twitter:data2\" content=\"1 minuto\" \/>\n<script type=\"application\/ld+json\" class=\"yoast-schema-graph\">{\"@context\":\"https:\\\/\\\/schema.org\",\"@graph\":[{\"@type\":\"Article\",\"@id\":\"https:\\\/\\\/gimnasticdetarragona.cat\\\/es\\\/nastic-fc-andorra-nuevo-amistoso-de-la-pretemporada-grana-25-26\\\/#article\",\"isPartOf\":{\"@id\":\"https:\\\/\\\/gimnasticdetarragona.cat\\\/es\\\/nastic-fc-andorra-nuevo-amistoso-de-la-pretemporada-grana-25-26\\\/\"},\"author\":{\"name\":\"Comunicacion\",\"@id\":\"https:\\\/\\\/gimnasticdetarragona.cat\\\/es\\\/#\\\/schema\\\/person\\\/0a9b7103e7dd73640eb245c4aa4afb8d\"},\"headline\":\"N\u00e0stic \u2013 FC Andorra, nuevo amistoso de la Pretemporada Grana 25\\\/26\",\"datePublished\":\"2025-07-09T15:18:00+00:00\",\"dateModified\":\"2025-07-09T16:02:16+00:00\",\"mainEntityOfPage\":{\"@id\":\"https:\\\/\\\/gimnasticdetarragona.cat\\\/es\\\/nastic-fc-andorra-nuevo-amistoso-de-la-pretemporada-grana-25-26\\\/\"},\"wordCount\":220,\"publisher\":{\"@id\":\"https:\\\/\\\/gimnasticdetarragona.cat\\\/es\\\/#organization\"},\"image\":{\"@id\":\"https:\\\/\\\/gimnasticdetarragona.cat\\\/es\\\/nastic-fc-andorra-nuevo-amistoso-de-la-pretemporada-grana-25-26\\\/#primaryimage\"},\"thumbnailUrl\":\"https:\\\/\\\/gimnasticdetarragona.cat\\\/wp-content\\\/uploads\\\/2025\\\/07\\\/WhatsApp-Image-2025-07-09-at-13.59.50.jpeg\",\"articleSection\":[\"Actualidad\",\"Afici\u00f3n\",\"Primer Equipo\",\"Socio\"],\"inLanguage\":\"es\"},{\"@type\":\"WebPage\",\"@id\":\"https:\\\/\\\/gimnasticdetarragona.cat\\\/es\\\/nastic-fc-andorra-nuevo-amistoso-de-la-pretemporada-grana-25-26\\\/\",\"url\":\"https:\\\/\\\/gimnasticdetarragona.cat\\\/es\\\/nastic-fc-andorra-nuevo-amistoso-de-la-pretemporada-grana-25-26\\\/\",\"name\":\"N\u00e0stic \u2013 FC Andorra, nuevo amistoso de la Pretemporada Grana 25\\\/26 - Gimn\u00e0stic de Tarragona SAD\",\"isPartOf\":{\"@id\":\"https:\\\/\\\/gimnasticdetarragona.cat\\\/es\\\/#website\"},\"primaryImageOfPage\":{\"@id\":\"https:\\\/\\\/gimnasticdetarragona.cat\\\/es\\\/nastic-fc-andorra-nuevo-amistoso-de-la-pretemporada-grana-25-26\\\/#primaryimage\"},\"image\":{\"@id\":\"https:\\\/\\\/gimnasticdetarragona.cat\\\/es\\\/nastic-fc-andorra-nuevo-amistoso-de-la-pretemporada-grana-25-26\\\/#primaryimage\"},\"thumbnailUrl\":\"https:\\\/\\\/gimnasticdetarragona.cat\\\/wp-content\\\/uploads\\\/2025\\\/07\\\/WhatsApp-Image-2025-07-09-at-13.59.50.jpeg\",\"datePublished\":\"2025-07-09T15:18:00+00:00\",\"dateModified\":\"2025-07-09T16:02:16+00:00\",\"breadcrumb\":{\"@id\":\"https:\\\/\\\/gimnasticdetarragona.cat\\\/es\\\/nastic-fc-andorra-nuevo-amistoso-de-la-pretemporada-grana-25-26\\\/#breadcrumb\"},\"inLanguage\":\"es\",\"potentialAction\":[{\"@type\":\"ReadAction\",\"target\":[\"https:\\\/\\\/gimnasticdetarragona.cat\\\/es\\\/nastic-fc-andorra-nuevo-amistoso-de-la-pretemporada-grana-25-26\\\/\"]}]},{\"@type\":\"ImageObject\",\"inLanguage\":\"es\",\"@id\":\"https:\\\/\\\/gimnasticdetarragona.cat\\\/es\\\/nastic-fc-andorra-nuevo-amistoso-de-la-pretemporada-grana-25-26\\\/#primaryimage\",\"url\":\"https:\\\/\\\/gimnasticdetarragona.cat\\\/wp-content\\\/uploads\\\/2025\\\/07\\\/WhatsApp-Image-2025-07-09-at-13.59.50.jpeg\",\"contentUrl\":\"https:\\\/\\\/gimnasticdetarragona.cat\\\/wp-content\\\/uploads\\\/2025\\\/07\\\/WhatsApp-Image-2025-07-09-at-13.59.50.jpeg\",\"width\":1500,\"height\":1500},{\"@type\":\"BreadcrumbList\",\"@id\":\"https:\\\/\\\/gimnasticdetarragona.cat\\\/es\\\/nastic-fc-andorra-nuevo-amistoso-de-la-pretemporada-grana-25-26\\\/#breadcrumb\",\"itemListElement\":[{\"@type\":\"ListItem\",\"position\":1,\"name\":\"Inici\",\"item\":\"https:\\\/\\\/gimnasticdetarragona.cat\\\/es\\\/nastic\\\/\"},{\"@type\":\"ListItem\",\"position\":2,\"name\":\"N\u00e0stic \u2013 FC Andorra, nuevo amistoso de la Pretemporada Grana 25\\\/26\"}]},{\"@type\":\"WebSite\",\"@id\":\"https:\\\/\\\/gimnasticdetarragona.cat\\\/es\\\/#website\",\"url\":\"https:\\\/\\\/gimnasticdetarragona.cat\\\/es\\\/\",\"name\":\"Gimn\u00e0stic de Tarragona SAD\",\"description\":\"Gimn\u00e0stic de Tarragona\",\"publisher\":{\"@id\":\"https:\\\/\\\/gimnasticdetarragona.cat\\\/es\\\/#organization\"},\"potentialAction\":[{\"@type\":\"SearchAction\",\"target\":{\"@type\":\"EntryPoint\",\"urlTemplate\":\"https:\\\/\\\/gimnasticdetarragona.cat\\\/es\\\/?s={search_term_string}\"},\"query-input\":{\"@type\":\"PropertyValueSpecification\",\"valueRequired\":true,\"valueName\":\"search_term_string\"}}],\"inLanguage\":\"es\"},{\"@type\":\"Organization\",\"@id\":\"https:\\\/\\\/gimnasticdetarragona.cat\\\/es\\\/#organization\",\"name\":\"GIMN\u00c0STIC DE TARRAGONA\",\"alternateName\":\"N\u00c0STIC\",\"url\":\"https:\\\/\\\/gimnasticdetarragona.cat\\\/es\\\/\",\"logo\":{\"@type\":\"ImageObject\",\"inLanguage\":\"es\",\"@id\":\"https:\\\/\\\/gimnasticdetarragona.cat\\\/es\\\/#\\\/schema\\\/logo\\\/image\\\/\",\"url\":\"https:\\\/\\\/gimnasticdetarragona.cat\\\/wp-content\\\/uploads\\\/2022\\\/06\\\/cropped-logo-gimnastic.png\",\"contentUrl\":\"https:\\\/\\\/gimnasticdetarragona.cat\\\/wp-content\\\/uploads\\\/2022\\\/06\\\/cropped-logo-gimnastic.png\",\"width\":224,\"height\":83,\"caption\":\"GIMN\u00c0STIC DE TARRAGONA\"},\"image\":{\"@id\":\"https:\\\/\\\/gimnasticdetarragona.cat\\\/es\\\/#\\\/schema\\\/logo\\\/image\\\/\"},\"sameAs\":[\"https:\\\/\\\/x.com\\\/NASTICTARRAGONA\",\"https:\\\/\\\/www.instagram.com\\\/nastictarragona\\\/\"]},{\"@type\":\"Person\",\"@id\":\"https:\\\/\\\/gimnasticdetarragona.cat\\\/es\\\/#\\\/schema\\\/person\\\/0a9b7103e7dd73640eb245c4aa4afb8d\",\"name\":\"Comunicacion\"}]}<\/script>\n<!-- \/ Yoast SEO plugin. -->","yoast_head_json":{"title":"N\u00e0stic \u2013 FC Andorra, nuevo amistoso de la Pretemporada Grana 25\/26 - Gimn\u00e0stic de Tarragona SAD","robots":{"index":"index","follow":"follow","max-snippet":"max-snippet:-1","max-image-preview":"max-image-preview:large","max-video-preview":"max-video-preview:-1"},"canonical":"https:\/\/gimnasticdetarragona.cat\/es\/nastic-fc-andorra-nuevo-amistoso-de-la-pretemporada-grana-25-26\/","og_locale":"es_ES","og_type":"article","og_title":"N\u00e0stic \u2013 FC Andorra, nuevo amistoso de la Pretemporada Grana 25\/26 - Gimn\u00e0stic de Tarragona SAD","og_description":"El viernes 1 de agosto, a las 20h, en el Nou Estadi Costa Daurada","og_url":"https:\/\/gimnasticdetarragona.cat\/es\/nastic-fc-andorra-nuevo-amistoso-de-la-pretemporada-grana-25-26\/","og_site_name":"Gimn\u00e0stic de Tarragona SAD","article_published_time":"2025-07-09T15:18:00+00:00","article_modified_time":"2025-07-09T16:02:16+00:00","og_image":[{"width":1500,"height":1500,"url":"https:\/\/gimnasticdetarragona.cat\/wp-content\/uploads\/2025\/07\/WhatsApp-Image-2025-07-09-at-13.59.50.jpeg","type":"image\/jpeg"}],"author":"Comunicacion","twitter_card":"summary_large_image","twitter_creator":"@NASTICTARRAGONA","twitter_site":"@NASTICTARRAGONA","twitter_misc":{"Escrito por":"Comunicacion","Tiempo de lectura":"1 minuto"},"schema":{"@context":"https:\/\/schema.org","@graph":[{"@type":"Article","@id":"https:\/\/gimnasticdetarragona.cat\/es\/nastic-fc-andorra-nuevo-amistoso-de-la-pretemporada-grana-25-26\/#article","isPartOf":{"@id":"https:\/\/gimnasticdetarragona.cat\/es\/nastic-fc-andorra-nuevo-amistoso-de-la-pretemporada-grana-25-26\/"},"author":{"name":"Comunicacion","@id":"https:\/\/gimnasticdetarragona.cat\/es\/#\/schema\/person\/0a9b7103e7dd73640eb245c4aa4afb8d"},"headline":"N\u00e0stic \u2013 FC Andorra, nuevo amistoso de la Pretemporada Grana 25\/26","datePublished":"2025-07-09T15:18:00+00:00","dateModified":"2025-07-09T16:02:16+00:00","mainEntityOfPage":{"@id":"https:\/\/gimnasticdetarragona.cat\/es\/nastic-fc-andorra-nuevo-amistoso-de-la-pretemporada-grana-25-26\/"},"wordCount":220,"publisher":{"@id":"https:\/\/gimnasticdetarragona.cat\/es\/#organization"},"image":{"@id":"https:\/\/gimnasticdetarragona.cat\/es\/nastic-fc-andorra-nuevo-amistoso-de-la-pretemporada-grana-25-26\/#primaryimage"},"thumbnailUrl":"https:\/\/gimnasticdetarragona.cat\/wp-content\/uploads\/2025\/07\/WhatsApp-Image-2025-07-09-at-13.59.50.jpeg","articleSection":["Actualidad","Afici\u00f3n","Primer Equipo","Socio"],"inLanguage":"es"},{"@type":"WebPage","@id":"https:\/\/gimnasticdetarragona.cat\/es\/nastic-fc-andorra-nuevo-amistoso-de-la-pretemporada-grana-25-26\/","url":"https:\/\/gimnasticdetarragona.cat\/es\/nastic-fc-andorra-nuevo-amistoso-de-la-pretemporada-grana-25-26\/","name":"N\u00e0stic \u2013 FC Andorra, nuevo amistoso de la Pretemporada Grana 25\/26 - Gimn\u00e0stic de Tarragona SAD","isPartOf":{"@id":"https:\/\/gimnasticdetarragona.cat\/es\/#website"},"primaryImageOfPage":{"@id":"https:\/\/gimnasticdetarragona.cat\/es\/nastic-fc-andorra-nuevo-amistoso-de-la-pretemporada-grana-25-26\/#primaryimage"},"image":{"@id":"https:\/\/gimnasticdetarragona.cat\/es\/nastic-fc-andorra-nuevo-amistoso-de-la-pretemporada-grana-25-26\/#primaryimage"},"thumbnailUrl":"https:\/\/gimnasticdetarragona.cat\/wp-content\/uploads\/2025\/07\/WhatsApp-Image-2025-07-09-at-13.59.50.jpeg","datePublished":"2025-07-09T15:18:00+00:00","dateModified":"2025-07-09T16:02:16+00:00","breadcrumb":{"@id":"https:\/\/gimnasticdetarragona.cat\/es\/nastic-fc-andorra-nuevo-amistoso-de-la-pretemporada-grana-25-26\/#breadcrumb"},"inLanguage":"es","potentialAction":[{"@type":"ReadAction","target":["https:\/\/gimnasticdetarragona.cat\/es\/nastic-fc-andorra-nuevo-amistoso-de-la-pretemporada-grana-25-26\/"]}]},{"@type":"ImageObject","inLanguage":"es","@id":"https:\/\/gimnasticdetarragona.cat\/es\/nastic-fc-andorra-nuevo-amistoso-de-la-pretemporada-grana-25-26\/#primaryimage","url":"https:\/\/gimnasticdetarragona.cat\/wp-content\/uploads\/2025\/07\/WhatsApp-Image-2025-07-09-at-13.59.50.jpeg","contentUrl":"https:\/\/gimnasticdetarragona.cat\/wp-content\/uploads\/2025\/07\/WhatsApp-Image-2025-07-09-at-13.59.50.jpeg","width":1500,"height":1500},{"@type":"BreadcrumbList","@id":"https:\/\/gimnasticdetarragona.cat\/es\/nastic-fc-andorra-nuevo-amistoso-de-la-pretemporada-grana-25-26\/#breadcrumb","itemListElement":[{"@type":"ListItem","position":1,"name":"Inici","item":"https:\/\/gimnasticdetarragona.cat\/es\/nastic\/"},{"@type":"ListItem","position":2,"name":"N\u00e0stic \u2013 FC Andorra, nuevo amistoso de la Pretemporada Grana 25\/26"}]},{"@type":"WebSite","@id":"https:\/\/gimnasticdetarragona.cat\/es\/#website","url":"https:\/\/gimnasticdetarragona.cat\/es\/","name":"Gimn\u00e0stic de Tarragona SAD","description":"Gimn\u00e0stic de Tarragona","publisher":{"@id":"https:\/\/gimnasticdetarragona.cat\/es\/#organization"},"potentialAction":[{"@type":"SearchAction","target":{"@type":"EntryPoint","urlTemplate":"https:\/\/gimnasticdetarragona.cat\/es\/?s={search_term_string}"},"query-input":{"@type":"PropertyValueSpecification","valueRequired":true,"valueName":"search_term_string"}}],"inLanguage":"es"},{"@type":"Organization","@id":"https:\/\/gimnasticdetarragona.cat\/es\/#organization","name":"GIMN\u00c0STIC DE TARRAGONA","alternateName":"N\u00c0STIC","url":"https:\/\/gimnasticdetarragona.cat\/es\/","logo":{"@type":"ImageObject","inLanguage":"es","@id":"https:\/\/gimnasticdetarragona.cat\/es\/#\/schema\/logo\/image\/","url":"https:\/\/gimnasticdetarragona.cat\/wp-content\/uploads\/2022\/06\/cropped-logo-gimnastic.png","contentUrl":"https:\/\/gimnasticdetarragona.cat\/wp-content\/uploads\/2022\/06\/cropped-logo-gimnastic.png","width":224,"height":83,"caption":"GIMN\u00c0STIC DE TARRAGONA"},"image":{"@id":"https:\/\/gimnasticdetarragona.cat\/es\/#\/schema\/logo\/image\/"},"sameAs":["https:\/\/x.com\/NASTICTARRAGONA","https:\/\/www.instagram.com\/nastictarragona\/"]},{"@type":"Person","@id":"https:\/\/gimnasticdetarragona.cat\/es\/#\/schema\/person\/0a9b7103e7dd73640eb245c4aa4afb8d","name":"Comunicacion"}]}},"_links":{"self":[{"href":"https:\/\/gimnasticdetarragona.cat\/es\/wp-json\/wp\/v2\/posts\/99596","targetHints":{"allow":["GET"]}}],"collection":[{"href":"https:\/\/gimnasticdetarragona.cat\/es\/wp-json\/wp\/v2\/posts"}],"about":[{"href":"https:\/\/gimnasticdetarragona.cat\/es\/wp-json\/wp\/v2\/types\/post"}],"author":[{"embeddable":true,"href":"https:\/\/gimnasticdetarragona.cat\/es\/wp-json\/wp\/v2\/users\/7"}],"replies":[{"embeddable":true,"href":"https:\/\/gimnasticdetarragona.cat\/es\/wp-json\/wp\/v2\/comments?post=99596"}],"version-history":[{"count":2,"href":"https:\/\/gimnasticdetarragona.cat\/es\/wp-json\/wp\/v2\/posts\/99596\/revisions"}],"predecessor-version":[{"id":99600,"href":"https:\/\/gimnasticdetarragona.cat\/es\/wp-json\/wp\/v2\/posts\/99596\/revisions\/99600"}],"wp:featuredmedia":[{"embeddable":true,"href":"https:\/\/gimnasticdetarragona.cat\/es\/wp-json\/wp\/v2\/media\/99598"}],"wp:attachment":[{"href":"https:\/\/gimnasticdetarragona.cat\/es\/wp-json\/wp\/v2\/media?parent=99596"}],"wp:term":[{"taxonomy":"category","embeddable":true,"href":"https:\/\/gimnasticdetarragona.cat\/es\/wp-json\/wp\/v2\/categories?post=99596"},{"taxonomy":"post_tag","embeddable":true,"href":"https:\/\/gimnasticdetarragona.cat\/es\/wp-json\/wp\/v2\/tags?post=99596"}],"curies":[{"name":"wp","href":"https:\/\/api.w.org\/{rel}","templated":true}]}}