{"id":99649,"date":"2025-07-15T20:15:37","date_gmt":"2025-07-15T18:15:37","guid":{"rendered":"https:\/\/gimnasticdetarragona.cat\/?p=99649"},"modified":"2025-07-15T20:17:05","modified_gmt":"2025-07-15T18:17:05","slug":"25-jugadores-iniciaran-la-pretemporada-grana-2025-2026","status":"publish","type":"post","link":"https:\/\/gimnasticdetarragona.cat\/es\/25-jugadores-iniciaran-la-pretemporada-grana-2025-2026\/","title":{"rendered":"25 jugadores iniciar\u00e1n la Pretemporada Grana 2025-2026"},"content":{"rendered":"\n<p>El primer equipo empezar\u00e1 este jueves la preparaci\u00f3n para la nueva temporada en Primera Federaci\u00f3n Versus e-Learning, que arrancar\u00e1 el fin de semana del 29 al 31 de agosto.<\/p>\n\n\n\n<p>El t\u00e9cnico Luis C\u00e9sar, acompa\u00f1ado del resto de staff y auxiliares, dirigir\u00e1 la primera sesi\u00f3n el jueves a partir de las 18.30 horas. Por la ma\u00f1ana, se realizar\u00e1n anal\u00edticas y valoraciones funcionales en toda la plantilla; desde las incorporaciones realizadas hasta el momento, los jugadores que repiten de la temporada anterior y tambi\u00e9n a los j\u00f3venes futbolistas del filial y Juvenil A que han sido citados. Por la tarde, pisar\u00e1n el terreno de juego por primera vez.<\/p>\n\n\n\n<p>En esta primera semana se realizar\u00e1n cuatro sesiones de entrenamiento sobre el c\u00e9sped del campo anexo al Nou Estadi Costa Daurada, compagin\u00e1ndolas con las pertinentes pruebas de esfuerzo, anal\u00edticas y antropometr\u00edas individualizadas a cada uno de los jugadores.<\/p>\n\n\n\n<p>El viernes se repetir\u00e1 el formato del jueves, por la ma\u00f1ana valoraciones funcionales y por la tarde entrenamiento en el anexo (18.30h). Mientras que el s\u00e1bado se realizar\u00e1 una doble sesi\u00f3n en el campo: por la ma\u00f1ana, a las 9h; y por la tarde, a las 18.30 horas.<\/p>\n\n\n\n<p>Luis C\u00e9sar ha citado a los siguientes 25 jugadores para iniciar la pretemporada:<\/p>\n\n\n\n<p><strong>Porteros<\/strong><br>Dani Rebollo, Alex Peiri* y Gerard Curto*<\/p>\n\n\n\n<p><strong>Defensas<\/strong><br>David Junc\u00e0, Enric Pujol, Nil Jim\u00e9nez, David Alba, C\u00e9sar Morgado, Sergio Camus, Sergio Santos, Oriol Subirats*, Guillem Barr\u00e9s* y Danilo Luchetti*<\/p>\n\n\n\n<p><strong>Centrocampistas<br><\/strong>Marc Montalvo, \u00d3scar Sanz, Mangel Prendes, Agus Guti\u00e9rrez* y Adri\u00e1n Alves*<\/p>\n\n\n\n<p><strong>Delanteros<\/strong><br>Anto\u00f1\u00edn, Jaume Jard\u00ed, Alex Jim\u00e9nez, V\u00edctor Narro, Marc \u00c1lvarez, Pau Mart\u00ednez y David Cabezas*<\/p>\n\n\n\n<p>*Jugadores (8) del filial\/juvenil que iniciar\u00e1n la pretemporada con el primer equipo.<\/p>\n","protected":false},"excerpt":{"rendered":"<p>Jueves, a las 18.30h, primera sesi\u00f3n en el campo anexo<\/p>\n","protected":false},"author":7,"featured_media":99648,"comment_status":"closed","ping_status":"closed","sticky":false,"template":"","format":"standard","meta":{"_acf_changed":false,"footnotes":""},"categories":[113,126],"tags":[],"class_list":["post-99649","post","type-post","status-publish","format-standard","has-post-thumbnail","hentry","category-actualidad","category-primer-equipo"],"acf":[],"yoast_head":"<!-- This site is optimized with the Yoast SEO plugin v27.3 - https:\/\/yoast.com\/product\/yoast-seo-wordpress\/ -->\n<title>25 jugadores iniciar\u00e1n la Pretemporada Grana 2025-2026 - Gimn\u00e0stic de Tarragona SAD<\/title>\n<meta name=\"robots\" content=\"index, follow, max-snippet:-1, max-image-preview:large, max-video-preview:-1\" \/>\n<link rel=\"canonical\" href=\"https:\/\/gimnasticdetarragona.cat\/es\/25-jugadores-iniciaran-la-pretemporada-grana-2025-2026\/\" \/>\n<meta property=\"og:locale\" content=\"es_ES\" \/>\n<meta property=\"og:type\" content=\"article\" \/>\n<meta property=\"og:title\" content=\"25 jugadores iniciar\u00e1n la Pretemporada Grana 2025-2026 - Gimn\u00e0stic de Tarragona SAD\" \/>\n<meta property=\"og:description\" content=\"Jueves, a las 18.30h, primera sesi\u00f3n en el campo anexo\" \/>\n<meta property=\"og:url\" content=\"https:\/\/gimnasticdetarragona.cat\/es\/25-jugadores-iniciaran-la-pretemporada-grana-2025-2026\/\" \/>\n<meta property=\"og:site_name\" content=\"Gimn\u00e0stic de Tarragona SAD\" \/>\n<meta property=\"article:published_time\" content=\"2025-07-15T18:15:37+00:00\" \/>\n<meta property=\"article:modified_time\" content=\"2025-07-15T18:17:05+00:00\" \/>\n<meta property=\"og:image\" content=\"https:\/\/gimnasticdetarragona.cat\/wp-content\/uploads\/2025\/07\/IMG_7098-scaled.jpg\" \/>\n\t<meta property=\"og:image:width\" content=\"2560\" \/>\n\t<meta property=\"og:image:height\" content=\"2445\" \/>\n\t<meta property=\"og:image:type\" content=\"image\/jpeg\" \/>\n<meta name=\"author\" content=\"Comunicacion\" \/>\n<meta name=\"twitter:card\" content=\"summary_large_image\" \/>\n<meta name=\"twitter:creator\" content=\"@NASTICTARRAGONA\" \/>\n<meta name=\"twitter:site\" content=\"@NASTICTARRAGONA\" \/>\n<meta name=\"twitter:label1\" content=\"Escrito por\" \/>\n\t<meta name=\"twitter:data1\" content=\"Comunicacion\" \/>\n\t<meta name=\"twitter:label2\" content=\"Tiempo de lectura\" \/>\n\t<meta name=\"twitter:data2\" content=\"1 minuto\" \/>\n<script type=\"application\/ld+json\" class=\"yoast-schema-graph\">{\"@context\":\"https:\\\/\\\/schema.org\",\"@graph\":[{\"@type\":\"Article\",\"@id\":\"https:\\\/\\\/gimnasticdetarragona.cat\\\/es\\\/25-jugadores-iniciaran-la-pretemporada-grana-2025-2026\\\/#article\",\"isPartOf\":{\"@id\":\"https:\\\/\\\/gimnasticdetarragona.cat\\\/es\\\/25-jugadores-iniciaran-la-pretemporada-grana-2025-2026\\\/\"},\"author\":{\"name\":\"Comunicacion\",\"@id\":\"https:\\\/\\\/gimnasticdetarragona.cat\\\/es\\\/#\\\/schema\\\/person\\\/0a9b7103e7dd73640eb245c4aa4afb8d\"},\"headline\":\"25 jugadores iniciar\u00e1n la Pretemporada Grana 2025-2026\",\"datePublished\":\"2025-07-15T18:15:37+00:00\",\"dateModified\":\"2025-07-15T18:17:05+00:00\",\"mainEntityOfPage\":{\"@id\":\"https:\\\/\\\/gimnasticdetarragona.cat\\\/es\\\/25-jugadores-iniciaran-la-pretemporada-grana-2025-2026\\\/\"},\"wordCount\":308,\"publisher\":{\"@id\":\"https:\\\/\\\/gimnasticdetarragona.cat\\\/es\\\/#organization\"},\"image\":{\"@id\":\"https:\\\/\\\/gimnasticdetarragona.cat\\\/es\\\/25-jugadores-iniciaran-la-pretemporada-grana-2025-2026\\\/#primaryimage\"},\"thumbnailUrl\":\"https:\\\/\\\/gimnasticdetarragona.cat\\\/wp-content\\\/uploads\\\/2025\\\/07\\\/IMG_7098-scaled.jpg\",\"articleSection\":[\"Actualidad\",\"Primer Equipo\"],\"inLanguage\":\"es\"},{\"@type\":\"WebPage\",\"@id\":\"https:\\\/\\\/gimnasticdetarragona.cat\\\/es\\\/25-jugadores-iniciaran-la-pretemporada-grana-2025-2026\\\/\",\"url\":\"https:\\\/\\\/gimnasticdetarragona.cat\\\/es\\\/25-jugadores-iniciaran-la-pretemporada-grana-2025-2026\\\/\",\"name\":\"25 jugadores iniciar\u00e1n la Pretemporada Grana 2025-2026 - Gimn\u00e0stic de Tarragona SAD\",\"isPartOf\":{\"@id\":\"https:\\\/\\\/gimnasticdetarragona.cat\\\/es\\\/#website\"},\"primaryImageOfPage\":{\"@id\":\"https:\\\/\\\/gimnasticdetarragona.cat\\\/es\\\/25-jugadores-iniciaran-la-pretemporada-grana-2025-2026\\\/#primaryimage\"},\"image\":{\"@id\":\"https:\\\/\\\/gimnasticdetarragona.cat\\\/es\\\/25-jugadores-iniciaran-la-pretemporada-grana-2025-2026\\\/#primaryimage\"},\"thumbnailUrl\":\"https:\\\/\\\/gimnasticdetarragona.cat\\\/wp-content\\\/uploads\\\/2025\\\/07\\\/IMG_7098-scaled.jpg\",\"datePublished\":\"2025-07-15T18:15:37+00:00\",\"dateModified\":\"2025-07-15T18:17:05+00:00\",\"breadcrumb\":{\"@id\":\"https:\\\/\\\/gimnasticdetarragona.cat\\\/es\\\/25-jugadores-iniciaran-la-pretemporada-grana-2025-2026\\\/#breadcrumb\"},\"inLanguage\":\"es\",\"potentialAction\":[{\"@type\":\"ReadAction\",\"target\":[\"https:\\\/\\\/gimnasticdetarragona.cat\\\/es\\\/25-jugadores-iniciaran-la-pretemporada-grana-2025-2026\\\/\"]}]},{\"@type\":\"ImageObject\",\"inLanguage\":\"es\",\"@id\":\"https:\\\/\\\/gimnasticdetarragona.cat\\\/es\\\/25-jugadores-iniciaran-la-pretemporada-grana-2025-2026\\\/#primaryimage\",\"url\":\"https:\\\/\\\/gimnasticdetarragona.cat\\\/wp-content\\\/uploads\\\/2025\\\/07\\\/IMG_7098-scaled.jpg\",\"contentUrl\":\"https:\\\/\\\/gimnasticdetarragona.cat\\\/wp-content\\\/uploads\\\/2025\\\/07\\\/IMG_7098-scaled.jpg\",\"width\":2560,\"height\":2445},{\"@type\":\"BreadcrumbList\",\"@id\":\"https:\\\/\\\/gimnasticdetarragona.cat\\\/es\\\/25-jugadores-iniciaran-la-pretemporada-grana-2025-2026\\\/#breadcrumb\",\"itemListElement\":[{\"@type\":\"ListItem\",\"position\":1,\"name\":\"Inici\",\"item\":\"https:\\\/\\\/gimnasticdetarragona.cat\\\/es\\\/nastic\\\/\"},{\"@type\":\"ListItem\",\"position\":2,\"name\":\"25 jugadores iniciar\u00e1n la Pretemporada Grana 2025-2026\"}]},{\"@type\":\"WebSite\",\"@id\":\"https:\\\/\\\/gimnasticdetarragona.cat\\\/es\\\/#website\",\"url\":\"https:\\\/\\\/gimnasticdetarragona.cat\\\/es\\\/\",\"name\":\"Gimn\u00e0stic de Tarragona SAD\",\"description\":\"Gimn\u00e0stic de Tarragona\",\"publisher\":{\"@id\":\"https:\\\/\\\/gimnasticdetarragona.cat\\\/es\\\/#organization\"},\"potentialAction\":[{\"@type\":\"SearchAction\",\"target\":{\"@type\":\"EntryPoint\",\"urlTemplate\":\"https:\\\/\\\/gimnasticdetarragona.cat\\\/es\\\/?s={search_term_string}\"},\"query-input\":{\"@type\":\"PropertyValueSpecification\",\"valueRequired\":true,\"valueName\":\"search_term_string\"}}],\"inLanguage\":\"es\"},{\"@type\":\"Organization\",\"@id\":\"https:\\\/\\\/gimnasticdetarragona.cat\\\/es\\\/#organization\",\"name\":\"GIMN\u00c0STIC DE TARRAGONA\",\"alternateName\":\"N\u00c0STIC\",\"url\":\"https:\\\/\\\/gimnasticdetarragona.cat\\\/es\\\/\",\"logo\":{\"@type\":\"ImageObject\",\"inLanguage\":\"es\",\"@id\":\"https:\\\/\\\/gimnasticdetarragona.cat\\\/es\\\/#\\\/schema\\\/logo\\\/image\\\/\",\"url\":\"https:\\\/\\\/gimnasticdetarragona.cat\\\/wp-content\\\/uploads\\\/2022\\\/06\\\/cropped-logo-gimnastic.png\",\"contentUrl\":\"https:\\\/\\\/gimnasticdetarragona.cat\\\/wp-content\\\/uploads\\\/2022\\\/06\\\/cropped-logo-gimnastic.png\",\"width\":224,\"height\":83,\"caption\":\"GIMN\u00c0STIC DE TARRAGONA\"},\"image\":{\"@id\":\"https:\\\/\\\/gimnasticdetarragona.cat\\\/es\\\/#\\\/schema\\\/logo\\\/image\\\/\"},\"sameAs\":[\"https:\\\/\\\/x.com\\\/NASTICTARRAGONA\",\"https:\\\/\\\/www.instagram.com\\\/nastictarragona\\\/\"]},{\"@type\":\"Person\",\"@id\":\"https:\\\/\\\/gimnasticdetarragona.cat\\\/es\\\/#\\\/schema\\\/person\\\/0a9b7103e7dd73640eb245c4aa4afb8d\",\"name\":\"Comunicacion\"}]}<\/script>\n<!-- \/ Yoast SEO plugin. -->","yoast_head_json":{"title":"25 jugadores iniciar\u00e1n la Pretemporada Grana 2025-2026 - Gimn\u00e0stic de Tarragona SAD","robots":{"index":"index","follow":"follow","max-snippet":"max-snippet:-1","max-image-preview":"max-image-preview:large","max-video-preview":"max-video-preview:-1"},"canonical":"https:\/\/gimnasticdetarragona.cat\/es\/25-jugadores-iniciaran-la-pretemporada-grana-2025-2026\/","og_locale":"es_ES","og_type":"article","og_title":"25 jugadores iniciar\u00e1n la Pretemporada Grana 2025-2026 - Gimn\u00e0stic de Tarragona SAD","og_description":"Jueves, a las 18.30h, primera sesi\u00f3n en el campo anexo","og_url":"https:\/\/gimnasticdetarragona.cat\/es\/25-jugadores-iniciaran-la-pretemporada-grana-2025-2026\/","og_site_name":"Gimn\u00e0stic de Tarragona SAD","article_published_time":"2025-07-15T18:15:37+00:00","article_modified_time":"2025-07-15T18:17:05+00:00","og_image":[{"width":2560,"height":2445,"url":"https:\/\/gimnasticdetarragona.cat\/wp-content\/uploads\/2025\/07\/IMG_7098-scaled.jpg","type":"image\/jpeg"}],"author":"Comunicacion","twitter_card":"summary_large_image","twitter_creator":"@NASTICTARRAGONA","twitter_site":"@NASTICTARRAGONA","twitter_misc":{"Escrito por":"Comunicacion","Tiempo de lectura":"1 minuto"},"schema":{"@context":"https:\/\/schema.org","@graph":[{"@type":"Article","@id":"https:\/\/gimnasticdetarragona.cat\/es\/25-jugadores-iniciaran-la-pretemporada-grana-2025-2026\/#article","isPartOf":{"@id":"https:\/\/gimnasticdetarragona.cat\/es\/25-jugadores-iniciaran-la-pretemporada-grana-2025-2026\/"},"author":{"name":"Comunicacion","@id":"https:\/\/gimnasticdetarragona.cat\/es\/#\/schema\/person\/0a9b7103e7dd73640eb245c4aa4afb8d"},"headline":"25 jugadores iniciar\u00e1n la Pretemporada Grana 2025-2026","datePublished":"2025-07-15T18:15:37+00:00","dateModified":"2025-07-15T18:17:05+00:00","mainEntityOfPage":{"@id":"https:\/\/gimnasticdetarragona.cat\/es\/25-jugadores-iniciaran-la-pretemporada-grana-2025-2026\/"},"wordCount":308,"publisher":{"@id":"https:\/\/gimnasticdetarragona.cat\/es\/#organization"},"image":{"@id":"https:\/\/gimnasticdetarragona.cat\/es\/25-jugadores-iniciaran-la-pretemporada-grana-2025-2026\/#primaryimage"},"thumbnailUrl":"https:\/\/gimnasticdetarragona.cat\/wp-content\/uploads\/2025\/07\/IMG_7098-scaled.jpg","articleSection":["Actualidad","Primer Equipo"],"inLanguage":"es"},{"@type":"WebPage","@id":"https:\/\/gimnasticdetarragona.cat\/es\/25-jugadores-iniciaran-la-pretemporada-grana-2025-2026\/","url":"https:\/\/gimnasticdetarragona.cat\/es\/25-jugadores-iniciaran-la-pretemporada-grana-2025-2026\/","name":"25 jugadores iniciar\u00e1n la Pretemporada Grana 2025-2026 - Gimn\u00e0stic de Tarragona SAD","isPartOf":{"@id":"https:\/\/gimnasticdetarragona.cat\/es\/#website"},"primaryImageOfPage":{"@id":"https:\/\/gimnasticdetarragona.cat\/es\/25-jugadores-iniciaran-la-pretemporada-grana-2025-2026\/#primaryimage"},"image":{"@id":"https:\/\/gimnasticdetarragona.cat\/es\/25-jugadores-iniciaran-la-pretemporada-grana-2025-2026\/#primaryimage"},"thumbnailUrl":"https:\/\/gimnasticdetarragona.cat\/wp-content\/uploads\/2025\/07\/IMG_7098-scaled.jpg","datePublished":"2025-07-15T18:15:37+00:00","dateModified":"2025-07-15T18:17:05+00:00","breadcrumb":{"@id":"https:\/\/gimnasticdetarragona.cat\/es\/25-jugadores-iniciaran-la-pretemporada-grana-2025-2026\/#breadcrumb"},"inLanguage":"es","potentialAction":[{"@type":"ReadAction","target":["https:\/\/gimnasticdetarragona.cat\/es\/25-jugadores-iniciaran-la-pretemporada-grana-2025-2026\/"]}]},{"@type":"ImageObject","inLanguage":"es","@id":"https:\/\/gimnasticdetarragona.cat\/es\/25-jugadores-iniciaran-la-pretemporada-grana-2025-2026\/#primaryimage","url":"https:\/\/gimnasticdetarragona.cat\/wp-content\/uploads\/2025\/07\/IMG_7098-scaled.jpg","contentUrl":"https:\/\/gimnasticdetarragona.cat\/wp-content\/uploads\/2025\/07\/IMG_7098-scaled.jpg","width":2560,"height":2445},{"@type":"BreadcrumbList","@id":"https:\/\/gimnasticdetarragona.cat\/es\/25-jugadores-iniciaran-la-pretemporada-grana-2025-2026\/#breadcrumb","itemListElement":[{"@type":"ListItem","position":1,"name":"Inici","item":"https:\/\/gimnasticdetarragona.cat\/es\/nastic\/"},{"@type":"ListItem","position":2,"name":"25 jugadores iniciar\u00e1n la Pretemporada Grana 2025-2026"}]},{"@type":"WebSite","@id":"https:\/\/gimnasticdetarragona.cat\/es\/#website","url":"https:\/\/gimnasticdetarragona.cat\/es\/","name":"Gimn\u00e0stic de Tarragona SAD","description":"Gimn\u00e0stic de Tarragona","publisher":{"@id":"https:\/\/gimnasticdetarragona.cat\/es\/#organization"},"potentialAction":[{"@type":"SearchAction","target":{"@type":"EntryPoint","urlTemplate":"https:\/\/gimnasticdetarragona.cat\/es\/?s={search_term_string}"},"query-input":{"@type":"PropertyValueSpecification","valueRequired":true,"valueName":"search_term_string"}}],"inLanguage":"es"},{"@type":"Organization","@id":"https:\/\/gimnasticdetarragona.cat\/es\/#organization","name":"GIMN\u00c0STIC DE TARRAGONA","alternateName":"N\u00c0STIC","url":"https:\/\/gimnasticdetarragona.cat\/es\/","logo":{"@type":"ImageObject","inLanguage":"es","@id":"https:\/\/gimnasticdetarragona.cat\/es\/#\/schema\/logo\/image\/","url":"https:\/\/gimnasticdetarragona.cat\/wp-content\/uploads\/2022\/06\/cropped-logo-gimnastic.png","contentUrl":"https:\/\/gimnasticdetarragona.cat\/wp-content\/uploads\/2022\/06\/cropped-logo-gimnastic.png","width":224,"height":83,"caption":"GIMN\u00c0STIC DE TARRAGONA"},"image":{"@id":"https:\/\/gimnasticdetarragona.cat\/es\/#\/schema\/logo\/image\/"},"sameAs":["https:\/\/x.com\/NASTICTARRAGONA","https:\/\/www.instagram.com\/nastictarragona\/"]},{"@type":"Person","@id":"https:\/\/gimnasticdetarragona.cat\/es\/#\/schema\/person\/0a9b7103e7dd73640eb245c4aa4afb8d","name":"Comunicacion"}]}},"_links":{"self":[{"href":"https:\/\/gimnasticdetarragona.cat\/es\/wp-json\/wp\/v2\/posts\/99649","targetHints":{"allow":["GET"]}}],"collection":[{"href":"https:\/\/gimnasticdetarragona.cat\/es\/wp-json\/wp\/v2\/posts"}],"about":[{"href":"https:\/\/gimnasticdetarragona.cat\/es\/wp-json\/wp\/v2\/types\/post"}],"author":[{"embeddable":true,"href":"https:\/\/gimnasticdetarragona.cat\/es\/wp-json\/wp\/v2\/users\/7"}],"replies":[{"embeddable":true,"href":"https:\/\/gimnasticdetarragona.cat\/es\/wp-json\/wp\/v2\/comments?post=99649"}],"version-history":[{"count":2,"href":"https:\/\/gimnasticdetarragona.cat\/es\/wp-json\/wp\/v2\/posts\/99649\/revisions"}],"predecessor-version":[{"id":99652,"href":"https:\/\/gimnasticdetarragona.cat\/es\/wp-json\/wp\/v2\/posts\/99649\/revisions\/99652"}],"wp:featuredmedia":[{"embeddable":true,"href":"https:\/\/gimnasticdetarragona.cat\/es\/wp-json\/wp\/v2\/media\/99648"}],"wp:attachment":[{"href":"https:\/\/gimnasticdetarragona.cat\/es\/wp-json\/wp\/v2\/media?parent=99649"}],"wp:term":[{"taxonomy":"category","embeddable":true,"href":"https:\/\/gimnasticdetarragona.cat\/es\/wp-json\/wp\/v2\/categories?post=99649"},{"taxonomy":"post_tag","embeddable":true,"href":"https:\/\/gimnasticdetarragona.cat\/es\/wp-json\/wp\/v2\/tags?post=99649"}],"curies":[{"name":"wp","href":"https:\/\/api.w.org\/{rel}","templated":true}]}}