{"id":99679,"date":"2025-07-18T10:39:37","date_gmt":"2025-07-18T08:39:37","guid":{"rendered":"https:\/\/gimnasticdetarragona.cat\/?p=99679"},"modified":"2025-07-18T10:39:44","modified_gmt":"2025-07-18T08:39:44","slug":"cedric-vestira-de-grana","status":"publish","type":"post","link":"https:\/\/gimnasticdetarragona.cat\/es\/cedric-vestira-de-grana\/","title":{"rendered":"Cedric vestir\u00e1 de grana"},"content":{"rendered":"\n<p><strong>Nuevo delantero contrastado se incorpora al N\u00e0stic<\/strong><\/p>\n\n\n\n<p>Cedric Omoigui Olague (Benin City, Nigeria, 11 de noviembre de 1994) se une al Gimn\u00e0stic de Tarragona firmando un contrato hasta el 30 de junio de 2028.<\/p>\n\n\n\n<p>El delantero se convierte en el s\u00e9ptimo fichaje para la pr\u00f3xima temporada deportiva 2025-2026, tras finalizar su vinculaci\u00f3n con el CF Fuenlabrada, club en el que anot\u00f3 10 goles la pasada campa\u00f1a. El jugador lleg\u00f3 a Espa\u00f1a en el a\u00f1o 2013 para incorporarse a la disciplina del RCD Mallorca, completando su etapa formativa y debutando con el primer equipo dos a\u00f1os despu\u00e9s en Segunda Divisi\u00f3n A.<\/p>\n\n\n\n<p>El nuevo fichaje del N\u00e0stic acumula 3 ascensos a la categor\u00eda de plata: RCD Mallorca (17\/18), CF Fuenlabrada (18\/19) y el \u00faltimo con el Racing de Santander (21\/22), logrando hasta 14 goles con el conjunto c\u00e1ntabro. Adem\u00e1s de los clubes mencionados, en su trayectoria tambi\u00e9n ha defendido los intereses del Valencia Mestalla, UD Ibiza y el Royal Excel Mouscron de la primera divisi\u00f3n belga.<\/p>\n\n\n\n<p>Esta nueva incorporaci\u00f3n es un delantero contrastado con m\u00e1s de 250 partidos y 80 goles en la categor\u00eda de bronce, que aportar\u00e1 talento e instinto goleador al esquema t\u00e1ctico de Luis C\u00e9sar.<\/p>\n\n\n\n<p>El jugador de 30 a\u00f1os se unir\u00e1 a la din\u00e1mica del primer equipo en la sesi\u00f3n del lunes, entrenamiento que se llevar\u00e1 a cabo en el Futbol Salou Sports Center, y en los pr\u00f3ximos d\u00edas se anunciar\u00e1 la fecha de su presentaci\u00f3n oficial como nuevo jugador del N\u00e0stic.<\/p>\n","protected":false},"excerpt":{"rendered":"<p>Nuevo delantero contrastado se incorpora al N\u00e0stic Cedric Omoigui Olague (Benin City, Nigeria, 11 de noviembre de 1994) se une al Gimn\u00e0stic de Tarragona firmando un contrato hasta el 30 de junio de 2028. El delantero se convierte en el s\u00e9ptimo fichaje para la pr\u00f3xima temporada deportiva 2025-2026, tras finalizar su vinculaci\u00f3n con el CF [&hellip;]<\/p>\n","protected":false},"author":7,"featured_media":99678,"comment_status":"closed","ping_status":"closed","sticky":false,"template":"","format":"standard","meta":{"_acf_changed":false,"footnotes":""},"categories":[113,126],"tags":[],"class_list":["post-99679","post","type-post","status-publish","format-standard","has-post-thumbnail","hentry","category-actualidad","category-primer-equipo"],"acf":[],"yoast_head":"<!-- This site is optimized with the Yoast SEO plugin v27.3 - https:\/\/yoast.com\/product\/yoast-seo-wordpress\/ -->\n<title>Cedric vestir\u00e1 de grana - Gimn\u00e0stic de Tarragona SAD<\/title>\n<meta name=\"robots\" content=\"index, follow, max-snippet:-1, max-image-preview:large, max-video-preview:-1\" \/>\n<link rel=\"canonical\" href=\"https:\/\/gimnasticdetarragona.cat\/es\/cedric-vestira-de-grana\/\" \/>\n<meta property=\"og:locale\" content=\"es_ES\" \/>\n<meta property=\"og:type\" content=\"article\" \/>\n<meta property=\"og:title\" content=\"Cedric vestir\u00e1 de grana - Gimn\u00e0stic de Tarragona SAD\" \/>\n<meta property=\"og:description\" content=\"Nuevo delantero contrastado se incorpora al N\u00e0stic Cedric Omoigui Olague (Benin City, Nigeria, 11 de noviembre de 1994) se une al Gimn\u00e0stic de Tarragona firmando un contrato hasta el 30 de junio de 2028. El delantero se convierte en el s\u00e9ptimo fichaje para la pr\u00f3xima temporada deportiva 2025-2026, tras finalizar su vinculaci\u00f3n con el CF [&hellip;]\" \/>\n<meta property=\"og:url\" content=\"https:\/\/gimnasticdetarragona.cat\/es\/cedric-vestira-de-grana\/\" \/>\n<meta property=\"og:site_name\" content=\"Gimn\u00e0stic de Tarragona SAD\" \/>\n<meta property=\"article:published_time\" content=\"2025-07-18T08:39:37+00:00\" \/>\n<meta property=\"article:modified_time\" content=\"2025-07-18T08:39:44+00:00\" \/>\n<meta property=\"og:image\" content=\"https:\/\/gimnasticdetarragona.cat\/wp-content\/uploads\/2025\/07\/BENVINGUT-Cedric-Omoigui.jpg\" \/>\n\t<meta property=\"og:image:width\" content=\"1281\" \/>\n\t<meta property=\"og:image:height\" content=\"1488\" \/>\n\t<meta property=\"og:image:type\" content=\"image\/jpeg\" \/>\n<meta name=\"author\" content=\"Comunicacion\" \/>\n<meta name=\"twitter:card\" content=\"summary_large_image\" \/>\n<meta name=\"twitter:creator\" content=\"@NASTICTARRAGONA\" \/>\n<meta name=\"twitter:site\" content=\"@NASTICTARRAGONA\" \/>\n<meta name=\"twitter:label1\" content=\"Escrito por\" \/>\n\t<meta name=\"twitter:data1\" content=\"Comunicacion\" \/>\n\t<meta name=\"twitter:label2\" content=\"Tiempo de lectura\" \/>\n\t<meta name=\"twitter:data2\" content=\"1 minuto\" \/>\n<script type=\"application\/ld+json\" class=\"yoast-schema-graph\">{\"@context\":\"https:\\\/\\\/schema.org\",\"@graph\":[{\"@type\":\"Article\",\"@id\":\"https:\\\/\\\/gimnasticdetarragona.cat\\\/es\\\/cedric-vestira-de-grana\\\/#article\",\"isPartOf\":{\"@id\":\"https:\\\/\\\/gimnasticdetarragona.cat\\\/es\\\/cedric-vestira-de-grana\\\/\"},\"author\":{\"name\":\"Comunicacion\",\"@id\":\"https:\\\/\\\/gimnasticdetarragona.cat\\\/es\\\/#\\\/schema\\\/person\\\/0a9b7103e7dd73640eb245c4aa4afb8d\"},\"headline\":\"Cedric vestir\u00e1 de grana\",\"datePublished\":\"2025-07-18T08:39:37+00:00\",\"dateModified\":\"2025-07-18T08:39:44+00:00\",\"mainEntityOfPage\":{\"@id\":\"https:\\\/\\\/gimnasticdetarragona.cat\\\/es\\\/cedric-vestira-de-grana\\\/\"},\"wordCount\":263,\"publisher\":{\"@id\":\"https:\\\/\\\/gimnasticdetarragona.cat\\\/es\\\/#organization\"},\"image\":{\"@id\":\"https:\\\/\\\/gimnasticdetarragona.cat\\\/es\\\/cedric-vestira-de-grana\\\/#primaryimage\"},\"thumbnailUrl\":\"https:\\\/\\\/gimnasticdetarragona.cat\\\/wp-content\\\/uploads\\\/2025\\\/07\\\/BENVINGUT-Cedric-Omoigui.jpg\",\"articleSection\":[\"Actualidad\",\"Primer Equipo\"],\"inLanguage\":\"es\"},{\"@type\":\"WebPage\",\"@id\":\"https:\\\/\\\/gimnasticdetarragona.cat\\\/es\\\/cedric-vestira-de-grana\\\/\",\"url\":\"https:\\\/\\\/gimnasticdetarragona.cat\\\/es\\\/cedric-vestira-de-grana\\\/\",\"name\":\"Cedric vestir\u00e1 de grana - Gimn\u00e0stic de Tarragona SAD\",\"isPartOf\":{\"@id\":\"https:\\\/\\\/gimnasticdetarragona.cat\\\/es\\\/#website\"},\"primaryImageOfPage\":{\"@id\":\"https:\\\/\\\/gimnasticdetarragona.cat\\\/es\\\/cedric-vestira-de-grana\\\/#primaryimage\"},\"image\":{\"@id\":\"https:\\\/\\\/gimnasticdetarragona.cat\\\/es\\\/cedric-vestira-de-grana\\\/#primaryimage\"},\"thumbnailUrl\":\"https:\\\/\\\/gimnasticdetarragona.cat\\\/wp-content\\\/uploads\\\/2025\\\/07\\\/BENVINGUT-Cedric-Omoigui.jpg\",\"datePublished\":\"2025-07-18T08:39:37+00:00\",\"dateModified\":\"2025-07-18T08:39:44+00:00\",\"breadcrumb\":{\"@id\":\"https:\\\/\\\/gimnasticdetarragona.cat\\\/es\\\/cedric-vestira-de-grana\\\/#breadcrumb\"},\"inLanguage\":\"es\",\"potentialAction\":[{\"@type\":\"ReadAction\",\"target\":[\"https:\\\/\\\/gimnasticdetarragona.cat\\\/es\\\/cedric-vestira-de-grana\\\/\"]}]},{\"@type\":\"ImageObject\",\"inLanguage\":\"es\",\"@id\":\"https:\\\/\\\/gimnasticdetarragona.cat\\\/es\\\/cedric-vestira-de-grana\\\/#primaryimage\",\"url\":\"https:\\\/\\\/gimnasticdetarragona.cat\\\/wp-content\\\/uploads\\\/2025\\\/07\\\/BENVINGUT-Cedric-Omoigui.jpg\",\"contentUrl\":\"https:\\\/\\\/gimnasticdetarragona.cat\\\/wp-content\\\/uploads\\\/2025\\\/07\\\/BENVINGUT-Cedric-Omoigui.jpg\",\"width\":1281,\"height\":1488},{\"@type\":\"BreadcrumbList\",\"@id\":\"https:\\\/\\\/gimnasticdetarragona.cat\\\/es\\\/cedric-vestira-de-grana\\\/#breadcrumb\",\"itemListElement\":[{\"@type\":\"ListItem\",\"position\":1,\"name\":\"Inici\",\"item\":\"https:\\\/\\\/gimnasticdetarragona.cat\\\/es\\\/nastic\\\/\"},{\"@type\":\"ListItem\",\"position\":2,\"name\":\"Cedric vestir\u00e1 de grana\"}]},{\"@type\":\"WebSite\",\"@id\":\"https:\\\/\\\/gimnasticdetarragona.cat\\\/es\\\/#website\",\"url\":\"https:\\\/\\\/gimnasticdetarragona.cat\\\/es\\\/\",\"name\":\"Gimn\u00e0stic de Tarragona SAD\",\"description\":\"Gimn\u00e0stic de Tarragona\",\"publisher\":{\"@id\":\"https:\\\/\\\/gimnasticdetarragona.cat\\\/es\\\/#organization\"},\"potentialAction\":[{\"@type\":\"SearchAction\",\"target\":{\"@type\":\"EntryPoint\",\"urlTemplate\":\"https:\\\/\\\/gimnasticdetarragona.cat\\\/es\\\/?s={search_term_string}\"},\"query-input\":{\"@type\":\"PropertyValueSpecification\",\"valueRequired\":true,\"valueName\":\"search_term_string\"}}],\"inLanguage\":\"es\"},{\"@type\":\"Organization\",\"@id\":\"https:\\\/\\\/gimnasticdetarragona.cat\\\/es\\\/#organization\",\"name\":\"GIMN\u00c0STIC DE TARRAGONA\",\"alternateName\":\"N\u00c0STIC\",\"url\":\"https:\\\/\\\/gimnasticdetarragona.cat\\\/es\\\/\",\"logo\":{\"@type\":\"ImageObject\",\"inLanguage\":\"es\",\"@id\":\"https:\\\/\\\/gimnasticdetarragona.cat\\\/es\\\/#\\\/schema\\\/logo\\\/image\\\/\",\"url\":\"https:\\\/\\\/gimnasticdetarragona.cat\\\/wp-content\\\/uploads\\\/2022\\\/06\\\/cropped-logo-gimnastic.png\",\"contentUrl\":\"https:\\\/\\\/gimnasticdetarragona.cat\\\/wp-content\\\/uploads\\\/2022\\\/06\\\/cropped-logo-gimnastic.png\",\"width\":224,\"height\":83,\"caption\":\"GIMN\u00c0STIC DE TARRAGONA\"},\"image\":{\"@id\":\"https:\\\/\\\/gimnasticdetarragona.cat\\\/es\\\/#\\\/schema\\\/logo\\\/image\\\/\"},\"sameAs\":[\"https:\\\/\\\/x.com\\\/NASTICTARRAGONA\",\"https:\\\/\\\/www.instagram.com\\\/nastictarragona\\\/\"]},{\"@type\":\"Person\",\"@id\":\"https:\\\/\\\/gimnasticdetarragona.cat\\\/es\\\/#\\\/schema\\\/person\\\/0a9b7103e7dd73640eb245c4aa4afb8d\",\"name\":\"Comunicacion\"}]}<\/script>\n<!-- \/ Yoast SEO plugin. -->","yoast_head_json":{"title":"Cedric vestir\u00e1 de grana - Gimn\u00e0stic de Tarragona SAD","robots":{"index":"index","follow":"follow","max-snippet":"max-snippet:-1","max-image-preview":"max-image-preview:large","max-video-preview":"max-video-preview:-1"},"canonical":"https:\/\/gimnasticdetarragona.cat\/es\/cedric-vestira-de-grana\/","og_locale":"es_ES","og_type":"article","og_title":"Cedric vestir\u00e1 de grana - Gimn\u00e0stic de Tarragona SAD","og_description":"Nuevo delantero contrastado se incorpora al N\u00e0stic Cedric Omoigui Olague (Benin City, Nigeria, 11 de noviembre de 1994) se une al Gimn\u00e0stic de Tarragona firmando un contrato hasta el 30 de junio de 2028. El delantero se convierte en el s\u00e9ptimo fichaje para la pr\u00f3xima temporada deportiva 2025-2026, tras finalizar su vinculaci\u00f3n con el CF [&hellip;]","og_url":"https:\/\/gimnasticdetarragona.cat\/es\/cedric-vestira-de-grana\/","og_site_name":"Gimn\u00e0stic de Tarragona SAD","article_published_time":"2025-07-18T08:39:37+00:00","article_modified_time":"2025-07-18T08:39:44+00:00","og_image":[{"width":1281,"height":1488,"url":"https:\/\/gimnasticdetarragona.cat\/wp-content\/uploads\/2025\/07\/BENVINGUT-Cedric-Omoigui.jpg","type":"image\/jpeg"}],"author":"Comunicacion","twitter_card":"summary_large_image","twitter_creator":"@NASTICTARRAGONA","twitter_site":"@NASTICTARRAGONA","twitter_misc":{"Escrito por":"Comunicacion","Tiempo de lectura":"1 minuto"},"schema":{"@context":"https:\/\/schema.org","@graph":[{"@type":"Article","@id":"https:\/\/gimnasticdetarragona.cat\/es\/cedric-vestira-de-grana\/#article","isPartOf":{"@id":"https:\/\/gimnasticdetarragona.cat\/es\/cedric-vestira-de-grana\/"},"author":{"name":"Comunicacion","@id":"https:\/\/gimnasticdetarragona.cat\/es\/#\/schema\/person\/0a9b7103e7dd73640eb245c4aa4afb8d"},"headline":"Cedric vestir\u00e1 de grana","datePublished":"2025-07-18T08:39:37+00:00","dateModified":"2025-07-18T08:39:44+00:00","mainEntityOfPage":{"@id":"https:\/\/gimnasticdetarragona.cat\/es\/cedric-vestira-de-grana\/"},"wordCount":263,"publisher":{"@id":"https:\/\/gimnasticdetarragona.cat\/es\/#organization"},"image":{"@id":"https:\/\/gimnasticdetarragona.cat\/es\/cedric-vestira-de-grana\/#primaryimage"},"thumbnailUrl":"https:\/\/gimnasticdetarragona.cat\/wp-content\/uploads\/2025\/07\/BENVINGUT-Cedric-Omoigui.jpg","articleSection":["Actualidad","Primer Equipo"],"inLanguage":"es"},{"@type":"WebPage","@id":"https:\/\/gimnasticdetarragona.cat\/es\/cedric-vestira-de-grana\/","url":"https:\/\/gimnasticdetarragona.cat\/es\/cedric-vestira-de-grana\/","name":"Cedric vestir\u00e1 de grana - Gimn\u00e0stic de Tarragona SAD","isPartOf":{"@id":"https:\/\/gimnasticdetarragona.cat\/es\/#website"},"primaryImageOfPage":{"@id":"https:\/\/gimnasticdetarragona.cat\/es\/cedric-vestira-de-grana\/#primaryimage"},"image":{"@id":"https:\/\/gimnasticdetarragona.cat\/es\/cedric-vestira-de-grana\/#primaryimage"},"thumbnailUrl":"https:\/\/gimnasticdetarragona.cat\/wp-content\/uploads\/2025\/07\/BENVINGUT-Cedric-Omoigui.jpg","datePublished":"2025-07-18T08:39:37+00:00","dateModified":"2025-07-18T08:39:44+00:00","breadcrumb":{"@id":"https:\/\/gimnasticdetarragona.cat\/es\/cedric-vestira-de-grana\/#breadcrumb"},"inLanguage":"es","potentialAction":[{"@type":"ReadAction","target":["https:\/\/gimnasticdetarragona.cat\/es\/cedric-vestira-de-grana\/"]}]},{"@type":"ImageObject","inLanguage":"es","@id":"https:\/\/gimnasticdetarragona.cat\/es\/cedric-vestira-de-grana\/#primaryimage","url":"https:\/\/gimnasticdetarragona.cat\/wp-content\/uploads\/2025\/07\/BENVINGUT-Cedric-Omoigui.jpg","contentUrl":"https:\/\/gimnasticdetarragona.cat\/wp-content\/uploads\/2025\/07\/BENVINGUT-Cedric-Omoigui.jpg","width":1281,"height":1488},{"@type":"BreadcrumbList","@id":"https:\/\/gimnasticdetarragona.cat\/es\/cedric-vestira-de-grana\/#breadcrumb","itemListElement":[{"@type":"ListItem","position":1,"name":"Inici","item":"https:\/\/gimnasticdetarragona.cat\/es\/nastic\/"},{"@type":"ListItem","position":2,"name":"Cedric vestir\u00e1 de grana"}]},{"@type":"WebSite","@id":"https:\/\/gimnasticdetarragona.cat\/es\/#website","url":"https:\/\/gimnasticdetarragona.cat\/es\/","name":"Gimn\u00e0stic de Tarragona SAD","description":"Gimn\u00e0stic de Tarragona","publisher":{"@id":"https:\/\/gimnasticdetarragona.cat\/es\/#organization"},"potentialAction":[{"@type":"SearchAction","target":{"@type":"EntryPoint","urlTemplate":"https:\/\/gimnasticdetarragona.cat\/es\/?s={search_term_string}"},"query-input":{"@type":"PropertyValueSpecification","valueRequired":true,"valueName":"search_term_string"}}],"inLanguage":"es"},{"@type":"Organization","@id":"https:\/\/gimnasticdetarragona.cat\/es\/#organization","name":"GIMN\u00c0STIC DE TARRAGONA","alternateName":"N\u00c0STIC","url":"https:\/\/gimnasticdetarragona.cat\/es\/","logo":{"@type":"ImageObject","inLanguage":"es","@id":"https:\/\/gimnasticdetarragona.cat\/es\/#\/schema\/logo\/image\/","url":"https:\/\/gimnasticdetarragona.cat\/wp-content\/uploads\/2022\/06\/cropped-logo-gimnastic.png","contentUrl":"https:\/\/gimnasticdetarragona.cat\/wp-content\/uploads\/2022\/06\/cropped-logo-gimnastic.png","width":224,"height":83,"caption":"GIMN\u00c0STIC DE TARRAGONA"},"image":{"@id":"https:\/\/gimnasticdetarragona.cat\/es\/#\/schema\/logo\/image\/"},"sameAs":["https:\/\/x.com\/NASTICTARRAGONA","https:\/\/www.instagram.com\/nastictarragona\/"]},{"@type":"Person","@id":"https:\/\/gimnasticdetarragona.cat\/es\/#\/schema\/person\/0a9b7103e7dd73640eb245c4aa4afb8d","name":"Comunicacion"}]}},"_links":{"self":[{"href":"https:\/\/gimnasticdetarragona.cat\/es\/wp-json\/wp\/v2\/posts\/99679","targetHints":{"allow":["GET"]}}],"collection":[{"href":"https:\/\/gimnasticdetarragona.cat\/es\/wp-json\/wp\/v2\/posts"}],"about":[{"href":"https:\/\/gimnasticdetarragona.cat\/es\/wp-json\/wp\/v2\/types\/post"}],"author":[{"embeddable":true,"href":"https:\/\/gimnasticdetarragona.cat\/es\/wp-json\/wp\/v2\/users\/7"}],"replies":[{"embeddable":true,"href":"https:\/\/gimnasticdetarragona.cat\/es\/wp-json\/wp\/v2\/comments?post=99679"}],"version-history":[{"count":1,"href":"https:\/\/gimnasticdetarragona.cat\/es\/wp-json\/wp\/v2\/posts\/99679\/revisions"}],"predecessor-version":[{"id":99681,"href":"https:\/\/gimnasticdetarragona.cat\/es\/wp-json\/wp\/v2\/posts\/99679\/revisions\/99681"}],"wp:featuredmedia":[{"embeddable":true,"href":"https:\/\/gimnasticdetarragona.cat\/es\/wp-json\/wp\/v2\/media\/99678"}],"wp:attachment":[{"href":"https:\/\/gimnasticdetarragona.cat\/es\/wp-json\/wp\/v2\/media?parent=99679"}],"wp:term":[{"taxonomy":"category","embeddable":true,"href":"https:\/\/gimnasticdetarragona.cat\/es\/wp-json\/wp\/v2\/categories?post=99679"},{"taxonomy":"post_tag","embeddable":true,"href":"https:\/\/gimnasticdetarragona.cat\/es\/wp-json\/wp\/v2\/tags?post=99679"}],"curies":[{"name":"wp","href":"https:\/\/api.w.org\/{rel}","templated":true}]}}