{"id":99692,"date":"2025-07-18T20:13:06","date_gmt":"2025-07-18T18:13:06","guid":{"rendered":"https:\/\/gimnasticdetarragona.cat\/?p=99692"},"modified":"2025-07-18T20:13:14","modified_gmt":"2025-07-18T18:13:14","slug":"antonin-cortes-se-marcha-traspasado-al-korona-kielce","status":"publish","type":"post","link":"https:\/\/gimnasticdetarragona.cat\/es\/antonin-cortes-se-marcha-traspasado-al-korona-kielce\/","title":{"rendered":"Anto\u00f1\u00edn Cort\u00e9s se marcha traspasado al Korona Kielce"},"content":{"rendered":"\n<p>El Gimn\u00e0stic de Tarragona, SAD y el Korona Kielce han cerrado el traspaso del delantero Anto\u00f1\u00edn Cort\u00e9s, tras alcanzar un acuerdo econ\u00f3mico satisfactorio para ambas partes.<\/p>\n\n\n\n<p>El futbolista malague\u00f1o dejar\u00e1 de vestir la camiseta grana para iniciar un nuevo reto deportivo en Polonia, concretamente en la Ekstraklasa, la primera divisi\u00f3n del pa\u00eds. Anto\u00f1\u00edn se despide del Gimn\u00e0stic tras disputar 42 partidos oficiales durante la temporada 2024-25, en los que marc\u00f3 10 goles y sum\u00f3 m\u00e1s de 2.600 minutos de juego en Primera Federaci\u00f3n.<\/p>\n\n\n\n<p>El Gimn\u00e0stic de Tarragona, SAD agradece a Anto\u00f1\u00edn Cort\u00e9s la disciplina, el esfuerzo y el compromiso que ha demostrado con el primer equipo del N\u00e0stic, as\u00ed como la ilusi\u00f3n que ha transmitido a los nastiquers desde su llegada a Tarragona y el estrecho v\u00ednculo que ha mantenido tanto con sus compa\u00f1eros, como con el cuerpo t\u00e9cnico y la afici\u00f3n. Le desea mucha suerte en su futuro m\u00e1s inmediato, tanto en el \u00e1mbito personal como profesional.<\/p>\n","protected":false},"excerpt":{"rendered":"<p>El Gimn\u00e0stic de Tarragona, SAD y el Korona Kielce han cerrado el traspaso del delantero Anto\u00f1\u00edn Cort\u00e9s, tras alcanzar un acuerdo econ\u00f3mico satisfactorio para ambas partes. El futbolista malague\u00f1o dejar\u00e1 de vestir la camiseta grana para iniciar un nuevo reto deportivo en Polonia, concretamente en la Ekstraklasa, la primera divisi\u00f3n del pa\u00eds. Anto\u00f1\u00edn se despide [&hellip;]<\/p>\n","protected":false},"author":7,"featured_media":99690,"comment_status":"closed","ping_status":"closed","sticky":false,"template":"","format":"standard","meta":{"_acf_changed":false,"footnotes":""},"categories":[113,126],"tags":[],"class_list":["post-99692","post","type-post","status-publish","format-standard","has-post-thumbnail","hentry","category-actualidad","category-primer-equipo"],"acf":[],"yoast_head":"<!-- This site is optimized with the Yoast SEO plugin v27.3 - https:\/\/yoast.com\/product\/yoast-seo-wordpress\/ -->\n<title>Anto\u00f1\u00edn Cort\u00e9s se marcha traspasado al Korona Kielce - Gimn\u00e0stic de Tarragona SAD<\/title>\n<meta name=\"robots\" content=\"index, follow, max-snippet:-1, max-image-preview:large, max-video-preview:-1\" \/>\n<link rel=\"canonical\" href=\"https:\/\/gimnasticdetarragona.cat\/es\/antonin-cortes-se-marcha-traspasado-al-korona-kielce\/\" \/>\n<meta property=\"og:locale\" content=\"es_ES\" \/>\n<meta property=\"og:type\" content=\"article\" \/>\n<meta property=\"og:title\" content=\"Anto\u00f1\u00edn Cort\u00e9s se marcha traspasado al Korona Kielce - Gimn\u00e0stic de Tarragona SAD\" \/>\n<meta property=\"og:description\" content=\"El Gimn\u00e0stic de Tarragona, SAD y el Korona Kielce han cerrado el traspaso del delantero Anto\u00f1\u00edn Cort\u00e9s, tras alcanzar un acuerdo econ\u00f3mico satisfactorio para ambas partes. El futbolista malague\u00f1o dejar\u00e1 de vestir la camiseta grana para iniciar un nuevo reto deportivo en Polonia, concretamente en la Ekstraklasa, la primera divisi\u00f3n del pa\u00eds. Anto\u00f1\u00edn se despide [&hellip;]\" \/>\n<meta property=\"og:url\" content=\"https:\/\/gimnasticdetarragona.cat\/es\/antonin-cortes-se-marcha-traspasado-al-korona-kielce\/\" \/>\n<meta property=\"og:site_name\" content=\"Gimn\u00e0stic de Tarragona SAD\" \/>\n<meta property=\"article:published_time\" content=\"2025-07-18T18:13:06+00:00\" \/>\n<meta property=\"article:modified_time\" content=\"2025-07-18T18:13:14+00:00\" \/>\n<meta property=\"og:image\" content=\"https:\/\/gimnasticdetarragona.cat\/wp-content\/uploads\/2025\/07\/Gracies-adeu.jpg\" \/>\n\t<meta property=\"og:image:width\" content=\"1500\" \/>\n\t<meta property=\"og:image:height\" content=\"1500\" \/>\n\t<meta property=\"og:image:type\" content=\"image\/jpeg\" \/>\n<meta name=\"author\" content=\"Comunicacion\" \/>\n<meta name=\"twitter:card\" content=\"summary_large_image\" \/>\n<meta name=\"twitter:creator\" content=\"@NASTICTARRAGONA\" \/>\n<meta name=\"twitter:site\" content=\"@NASTICTARRAGONA\" \/>\n<meta name=\"twitter:label1\" content=\"Escrito por\" \/>\n\t<meta name=\"twitter:data1\" content=\"Comunicacion\" \/>\n\t<meta name=\"twitter:label2\" content=\"Tiempo de lectura\" \/>\n\t<meta name=\"twitter:data2\" content=\"1 minuto\" \/>\n<script type=\"application\/ld+json\" class=\"yoast-schema-graph\">{\"@context\":\"https:\\\/\\\/schema.org\",\"@graph\":[{\"@type\":\"Article\",\"@id\":\"https:\\\/\\\/gimnasticdetarragona.cat\\\/es\\\/antonin-cortes-se-marcha-traspasado-al-korona-kielce\\\/#article\",\"isPartOf\":{\"@id\":\"https:\\\/\\\/gimnasticdetarragona.cat\\\/es\\\/antonin-cortes-se-marcha-traspasado-al-korona-kielce\\\/\"},\"author\":{\"name\":\"Comunicacion\",\"@id\":\"https:\\\/\\\/gimnasticdetarragona.cat\\\/es\\\/#\\\/schema\\\/person\\\/0a9b7103e7dd73640eb245c4aa4afb8d\"},\"headline\":\"Anto\u00f1\u00edn Cort\u00e9s se marcha traspasado al Korona Kielce\",\"datePublished\":\"2025-07-18T18:13:06+00:00\",\"dateModified\":\"2025-07-18T18:13:14+00:00\",\"mainEntityOfPage\":{\"@id\":\"https:\\\/\\\/gimnasticdetarragona.cat\\\/es\\\/antonin-cortes-se-marcha-traspasado-al-korona-kielce\\\/\"},\"wordCount\":186,\"publisher\":{\"@id\":\"https:\\\/\\\/gimnasticdetarragona.cat\\\/es\\\/#organization\"},\"image\":{\"@id\":\"https:\\\/\\\/gimnasticdetarragona.cat\\\/es\\\/antonin-cortes-se-marcha-traspasado-al-korona-kielce\\\/#primaryimage\"},\"thumbnailUrl\":\"https:\\\/\\\/gimnasticdetarragona.cat\\\/wp-content\\\/uploads\\\/2025\\\/07\\\/Gracies-adeu.jpg\",\"articleSection\":[\"Actualidad\",\"Primer Equipo\"],\"inLanguage\":\"es\"},{\"@type\":\"WebPage\",\"@id\":\"https:\\\/\\\/gimnasticdetarragona.cat\\\/es\\\/antonin-cortes-se-marcha-traspasado-al-korona-kielce\\\/\",\"url\":\"https:\\\/\\\/gimnasticdetarragona.cat\\\/es\\\/antonin-cortes-se-marcha-traspasado-al-korona-kielce\\\/\",\"name\":\"Anto\u00f1\u00edn Cort\u00e9s se marcha traspasado al Korona Kielce - Gimn\u00e0stic de Tarragona SAD\",\"isPartOf\":{\"@id\":\"https:\\\/\\\/gimnasticdetarragona.cat\\\/es\\\/#website\"},\"primaryImageOfPage\":{\"@id\":\"https:\\\/\\\/gimnasticdetarragona.cat\\\/es\\\/antonin-cortes-se-marcha-traspasado-al-korona-kielce\\\/#primaryimage\"},\"image\":{\"@id\":\"https:\\\/\\\/gimnasticdetarragona.cat\\\/es\\\/antonin-cortes-se-marcha-traspasado-al-korona-kielce\\\/#primaryimage\"},\"thumbnailUrl\":\"https:\\\/\\\/gimnasticdetarragona.cat\\\/wp-content\\\/uploads\\\/2025\\\/07\\\/Gracies-adeu.jpg\",\"datePublished\":\"2025-07-18T18:13:06+00:00\",\"dateModified\":\"2025-07-18T18:13:14+00:00\",\"breadcrumb\":{\"@id\":\"https:\\\/\\\/gimnasticdetarragona.cat\\\/es\\\/antonin-cortes-se-marcha-traspasado-al-korona-kielce\\\/#breadcrumb\"},\"inLanguage\":\"es\",\"potentialAction\":[{\"@type\":\"ReadAction\",\"target\":[\"https:\\\/\\\/gimnasticdetarragona.cat\\\/es\\\/antonin-cortes-se-marcha-traspasado-al-korona-kielce\\\/\"]}]},{\"@type\":\"ImageObject\",\"inLanguage\":\"es\",\"@id\":\"https:\\\/\\\/gimnasticdetarragona.cat\\\/es\\\/antonin-cortes-se-marcha-traspasado-al-korona-kielce\\\/#primaryimage\",\"url\":\"https:\\\/\\\/gimnasticdetarragona.cat\\\/wp-content\\\/uploads\\\/2025\\\/07\\\/Gracies-adeu.jpg\",\"contentUrl\":\"https:\\\/\\\/gimnasticdetarragona.cat\\\/wp-content\\\/uploads\\\/2025\\\/07\\\/Gracies-adeu.jpg\",\"width\":1500,\"height\":1500},{\"@type\":\"BreadcrumbList\",\"@id\":\"https:\\\/\\\/gimnasticdetarragona.cat\\\/es\\\/antonin-cortes-se-marcha-traspasado-al-korona-kielce\\\/#breadcrumb\",\"itemListElement\":[{\"@type\":\"ListItem\",\"position\":1,\"name\":\"Inici\",\"item\":\"https:\\\/\\\/gimnasticdetarragona.cat\\\/es\\\/nastic\\\/\"},{\"@type\":\"ListItem\",\"position\":2,\"name\":\"Anto\u00f1\u00edn Cort\u00e9s se marcha traspasado al Korona Kielce\"}]},{\"@type\":\"WebSite\",\"@id\":\"https:\\\/\\\/gimnasticdetarragona.cat\\\/es\\\/#website\",\"url\":\"https:\\\/\\\/gimnasticdetarragona.cat\\\/es\\\/\",\"name\":\"Gimn\u00e0stic de Tarragona SAD\",\"description\":\"Gimn\u00e0stic de Tarragona\",\"publisher\":{\"@id\":\"https:\\\/\\\/gimnasticdetarragona.cat\\\/es\\\/#organization\"},\"potentialAction\":[{\"@type\":\"SearchAction\",\"target\":{\"@type\":\"EntryPoint\",\"urlTemplate\":\"https:\\\/\\\/gimnasticdetarragona.cat\\\/es\\\/?s={search_term_string}\"},\"query-input\":{\"@type\":\"PropertyValueSpecification\",\"valueRequired\":true,\"valueName\":\"search_term_string\"}}],\"inLanguage\":\"es\"},{\"@type\":\"Organization\",\"@id\":\"https:\\\/\\\/gimnasticdetarragona.cat\\\/es\\\/#organization\",\"name\":\"GIMN\u00c0STIC DE TARRAGONA\",\"alternateName\":\"N\u00c0STIC\",\"url\":\"https:\\\/\\\/gimnasticdetarragona.cat\\\/es\\\/\",\"logo\":{\"@type\":\"ImageObject\",\"inLanguage\":\"es\",\"@id\":\"https:\\\/\\\/gimnasticdetarragona.cat\\\/es\\\/#\\\/schema\\\/logo\\\/image\\\/\",\"url\":\"https:\\\/\\\/gimnasticdetarragona.cat\\\/wp-content\\\/uploads\\\/2022\\\/06\\\/cropped-logo-gimnastic.png\",\"contentUrl\":\"https:\\\/\\\/gimnasticdetarragona.cat\\\/wp-content\\\/uploads\\\/2022\\\/06\\\/cropped-logo-gimnastic.png\",\"width\":224,\"height\":83,\"caption\":\"GIMN\u00c0STIC DE TARRAGONA\"},\"image\":{\"@id\":\"https:\\\/\\\/gimnasticdetarragona.cat\\\/es\\\/#\\\/schema\\\/logo\\\/image\\\/\"},\"sameAs\":[\"https:\\\/\\\/x.com\\\/NASTICTARRAGONA\",\"https:\\\/\\\/www.instagram.com\\\/nastictarragona\\\/\"]},{\"@type\":\"Person\",\"@id\":\"https:\\\/\\\/gimnasticdetarragona.cat\\\/es\\\/#\\\/schema\\\/person\\\/0a9b7103e7dd73640eb245c4aa4afb8d\",\"name\":\"Comunicacion\"}]}<\/script>\n<!-- \/ Yoast SEO plugin. -->","yoast_head_json":{"title":"Anto\u00f1\u00edn Cort\u00e9s se marcha traspasado al Korona Kielce - Gimn\u00e0stic de Tarragona SAD","robots":{"index":"index","follow":"follow","max-snippet":"max-snippet:-1","max-image-preview":"max-image-preview:large","max-video-preview":"max-video-preview:-1"},"canonical":"https:\/\/gimnasticdetarragona.cat\/es\/antonin-cortes-se-marcha-traspasado-al-korona-kielce\/","og_locale":"es_ES","og_type":"article","og_title":"Anto\u00f1\u00edn Cort\u00e9s se marcha traspasado al Korona Kielce - Gimn\u00e0stic de Tarragona SAD","og_description":"El Gimn\u00e0stic de Tarragona, SAD y el Korona Kielce han cerrado el traspaso del delantero Anto\u00f1\u00edn Cort\u00e9s, tras alcanzar un acuerdo econ\u00f3mico satisfactorio para ambas partes. El futbolista malague\u00f1o dejar\u00e1 de vestir la camiseta grana para iniciar un nuevo reto deportivo en Polonia, concretamente en la Ekstraklasa, la primera divisi\u00f3n del pa\u00eds. Anto\u00f1\u00edn se despide [&hellip;]","og_url":"https:\/\/gimnasticdetarragona.cat\/es\/antonin-cortes-se-marcha-traspasado-al-korona-kielce\/","og_site_name":"Gimn\u00e0stic de Tarragona SAD","article_published_time":"2025-07-18T18:13:06+00:00","article_modified_time":"2025-07-18T18:13:14+00:00","og_image":[{"width":1500,"height":1500,"url":"https:\/\/gimnasticdetarragona.cat\/wp-content\/uploads\/2025\/07\/Gracies-adeu.jpg","type":"image\/jpeg"}],"author":"Comunicacion","twitter_card":"summary_large_image","twitter_creator":"@NASTICTARRAGONA","twitter_site":"@NASTICTARRAGONA","twitter_misc":{"Escrito por":"Comunicacion","Tiempo de lectura":"1 minuto"},"schema":{"@context":"https:\/\/schema.org","@graph":[{"@type":"Article","@id":"https:\/\/gimnasticdetarragona.cat\/es\/antonin-cortes-se-marcha-traspasado-al-korona-kielce\/#article","isPartOf":{"@id":"https:\/\/gimnasticdetarragona.cat\/es\/antonin-cortes-se-marcha-traspasado-al-korona-kielce\/"},"author":{"name":"Comunicacion","@id":"https:\/\/gimnasticdetarragona.cat\/es\/#\/schema\/person\/0a9b7103e7dd73640eb245c4aa4afb8d"},"headline":"Anto\u00f1\u00edn Cort\u00e9s se marcha traspasado al Korona Kielce","datePublished":"2025-07-18T18:13:06+00:00","dateModified":"2025-07-18T18:13:14+00:00","mainEntityOfPage":{"@id":"https:\/\/gimnasticdetarragona.cat\/es\/antonin-cortes-se-marcha-traspasado-al-korona-kielce\/"},"wordCount":186,"publisher":{"@id":"https:\/\/gimnasticdetarragona.cat\/es\/#organization"},"image":{"@id":"https:\/\/gimnasticdetarragona.cat\/es\/antonin-cortes-se-marcha-traspasado-al-korona-kielce\/#primaryimage"},"thumbnailUrl":"https:\/\/gimnasticdetarragona.cat\/wp-content\/uploads\/2025\/07\/Gracies-adeu.jpg","articleSection":["Actualidad","Primer Equipo"],"inLanguage":"es"},{"@type":"WebPage","@id":"https:\/\/gimnasticdetarragona.cat\/es\/antonin-cortes-se-marcha-traspasado-al-korona-kielce\/","url":"https:\/\/gimnasticdetarragona.cat\/es\/antonin-cortes-se-marcha-traspasado-al-korona-kielce\/","name":"Anto\u00f1\u00edn Cort\u00e9s se marcha traspasado al Korona Kielce - Gimn\u00e0stic de Tarragona SAD","isPartOf":{"@id":"https:\/\/gimnasticdetarragona.cat\/es\/#website"},"primaryImageOfPage":{"@id":"https:\/\/gimnasticdetarragona.cat\/es\/antonin-cortes-se-marcha-traspasado-al-korona-kielce\/#primaryimage"},"image":{"@id":"https:\/\/gimnasticdetarragona.cat\/es\/antonin-cortes-se-marcha-traspasado-al-korona-kielce\/#primaryimage"},"thumbnailUrl":"https:\/\/gimnasticdetarragona.cat\/wp-content\/uploads\/2025\/07\/Gracies-adeu.jpg","datePublished":"2025-07-18T18:13:06+00:00","dateModified":"2025-07-18T18:13:14+00:00","breadcrumb":{"@id":"https:\/\/gimnasticdetarragona.cat\/es\/antonin-cortes-se-marcha-traspasado-al-korona-kielce\/#breadcrumb"},"inLanguage":"es","potentialAction":[{"@type":"ReadAction","target":["https:\/\/gimnasticdetarragona.cat\/es\/antonin-cortes-se-marcha-traspasado-al-korona-kielce\/"]}]},{"@type":"ImageObject","inLanguage":"es","@id":"https:\/\/gimnasticdetarragona.cat\/es\/antonin-cortes-se-marcha-traspasado-al-korona-kielce\/#primaryimage","url":"https:\/\/gimnasticdetarragona.cat\/wp-content\/uploads\/2025\/07\/Gracies-adeu.jpg","contentUrl":"https:\/\/gimnasticdetarragona.cat\/wp-content\/uploads\/2025\/07\/Gracies-adeu.jpg","width":1500,"height":1500},{"@type":"BreadcrumbList","@id":"https:\/\/gimnasticdetarragona.cat\/es\/antonin-cortes-se-marcha-traspasado-al-korona-kielce\/#breadcrumb","itemListElement":[{"@type":"ListItem","position":1,"name":"Inici","item":"https:\/\/gimnasticdetarragona.cat\/es\/nastic\/"},{"@type":"ListItem","position":2,"name":"Anto\u00f1\u00edn Cort\u00e9s se marcha traspasado al Korona Kielce"}]},{"@type":"WebSite","@id":"https:\/\/gimnasticdetarragona.cat\/es\/#website","url":"https:\/\/gimnasticdetarragona.cat\/es\/","name":"Gimn\u00e0stic de Tarragona SAD","description":"Gimn\u00e0stic de Tarragona","publisher":{"@id":"https:\/\/gimnasticdetarragona.cat\/es\/#organization"},"potentialAction":[{"@type":"SearchAction","target":{"@type":"EntryPoint","urlTemplate":"https:\/\/gimnasticdetarragona.cat\/es\/?s={search_term_string}"},"query-input":{"@type":"PropertyValueSpecification","valueRequired":true,"valueName":"search_term_string"}}],"inLanguage":"es"},{"@type":"Organization","@id":"https:\/\/gimnasticdetarragona.cat\/es\/#organization","name":"GIMN\u00c0STIC DE TARRAGONA","alternateName":"N\u00c0STIC","url":"https:\/\/gimnasticdetarragona.cat\/es\/","logo":{"@type":"ImageObject","inLanguage":"es","@id":"https:\/\/gimnasticdetarragona.cat\/es\/#\/schema\/logo\/image\/","url":"https:\/\/gimnasticdetarragona.cat\/wp-content\/uploads\/2022\/06\/cropped-logo-gimnastic.png","contentUrl":"https:\/\/gimnasticdetarragona.cat\/wp-content\/uploads\/2022\/06\/cropped-logo-gimnastic.png","width":224,"height":83,"caption":"GIMN\u00c0STIC DE TARRAGONA"},"image":{"@id":"https:\/\/gimnasticdetarragona.cat\/es\/#\/schema\/logo\/image\/"},"sameAs":["https:\/\/x.com\/NASTICTARRAGONA","https:\/\/www.instagram.com\/nastictarragona\/"]},{"@type":"Person","@id":"https:\/\/gimnasticdetarragona.cat\/es\/#\/schema\/person\/0a9b7103e7dd73640eb245c4aa4afb8d","name":"Comunicacion"}]}},"_links":{"self":[{"href":"https:\/\/gimnasticdetarragona.cat\/es\/wp-json\/wp\/v2\/posts\/99692","targetHints":{"allow":["GET"]}}],"collection":[{"href":"https:\/\/gimnasticdetarragona.cat\/es\/wp-json\/wp\/v2\/posts"}],"about":[{"href":"https:\/\/gimnasticdetarragona.cat\/es\/wp-json\/wp\/v2\/types\/post"}],"author":[{"embeddable":true,"href":"https:\/\/gimnasticdetarragona.cat\/es\/wp-json\/wp\/v2\/users\/7"}],"replies":[{"embeddable":true,"href":"https:\/\/gimnasticdetarragona.cat\/es\/wp-json\/wp\/v2\/comments?post=99692"}],"version-history":[{"count":1,"href":"https:\/\/gimnasticdetarragona.cat\/es\/wp-json\/wp\/v2\/posts\/99692\/revisions"}],"predecessor-version":[{"id":99693,"href":"https:\/\/gimnasticdetarragona.cat\/es\/wp-json\/wp\/v2\/posts\/99692\/revisions\/99693"}],"wp:featuredmedia":[{"embeddable":true,"href":"https:\/\/gimnasticdetarragona.cat\/es\/wp-json\/wp\/v2\/media\/99690"}],"wp:attachment":[{"href":"https:\/\/gimnasticdetarragona.cat\/es\/wp-json\/wp\/v2\/media?parent=99692"}],"wp:term":[{"taxonomy":"category","embeddable":true,"href":"https:\/\/gimnasticdetarragona.cat\/es\/wp-json\/wp\/v2\/categories?post=99692"},{"taxonomy":"post_tag","embeddable":true,"href":"https:\/\/gimnasticdetarragona.cat\/es\/wp-json\/wp\/v2\/tags?post=99692"}],"curies":[{"name":"wp","href":"https:\/\/api.w.org\/{rel}","templated":true}]}}