{"id":99718,"date":"2025-07-24T19:00:44","date_gmt":"2025-07-24T17:00:44","guid":{"rendered":"https:\/\/gimnasticdetarragona.cat\/?p=99718"},"modified":"2025-07-24T19:07:34","modified_gmt":"2025-07-24T17:07:34","slug":"juanda-fuentes-vestira-de-grana","status":"publish","type":"post","link":"https:\/\/gimnasticdetarragona.cat\/es\/juanda-fuentes-vestira-de-grana\/","title":{"rendered":"\u00a1Juanda Fuentes vestir\u00e1 de grana!"},"content":{"rendered":"\n<p>El Gimn\u00e0stic de Tarragona y el FC Andorra acuerdan la cesi\u00f3n del extremo Juan David Fuentes Garrido (Monter\u00eda, Colombia, 19 de mayo de 2003) para el nuevo curso deportivo 2025\/2026.<\/p>\n\n\n\n<p>El extremo colombiano, criado en Catalu\u00f1a desde los cinco a\u00f1os, se form\u00f3 en las categor\u00edas inferiores del FC Barcelona; desde el Cadete B hasta llegar al Bar\u00e7a Atl\u00e8tic, disputando 26 partidos ligueros durante la temporada 2022\/2023. El joven atacante tambi\u00e9n fue internacional sub17 y sub20 con Colombia, su pa\u00eds de nacimiento.<\/p>\n\n\n\n<p>Posteriormente, disput\u00f3 la segunda divisi\u00f3n belga en las filas del Oostende, antes de llegar al Principado de Andorra el pasado curso. Con el club tricolor logr\u00f3 el ascenso de categor\u00eda disputando 21 partidos oficiales.<\/p>\n\n\n\n<p>Juanda es un jugador zurdo que puede ocupar los dos extremos del ataque. La potencia, la visi\u00f3n de juego y la calidad en el \u00faltimo pase son algunos de los principales atributos que se sumar\u00e1n a la plantilla del Gimn\u00e0stic de Tarragona 2025-2026.<\/p>\n\n\n\n<p>Est\u00e1 previsto que el futbolista de 22 a\u00f1os se incorpore a la sesi\u00f3n de trabajo programada para ma\u00f1ana, viernes, a partir de las 9:30 horas, en el campo anexo. En los pr\u00f3ximos d\u00edas ser\u00e1 presentado como nuevo jugador del N\u00e0stic.<\/p>\n","protected":false},"excerpt":{"rendered":"<p>Cedido por el FC Andorra hasta 30 de junio de 2026<\/p>\n","protected":false},"author":7,"featured_media":99717,"comment_status":"closed","ping_status":"closed","sticky":false,"template":"","format":"standard","meta":{"_acf_changed":false,"footnotes":""},"categories":[113,126],"tags":[],"class_list":["post-99718","post","type-post","status-publish","format-standard","has-post-thumbnail","hentry","category-actualidad","category-primer-equipo"],"acf":[],"yoast_head":"<!-- This site is optimized with the Yoast SEO plugin v27.3 - https:\/\/yoast.com\/product\/yoast-seo-wordpress\/ -->\n<title>\u00a1Juanda Fuentes vestir\u00e1 de grana! - Gimn\u00e0stic de Tarragona SAD<\/title>\n<meta name=\"robots\" content=\"index, follow, max-snippet:-1, max-image-preview:large, max-video-preview:-1\" \/>\n<link rel=\"canonical\" href=\"https:\/\/gimnasticdetarragona.cat\/es\/juanda-fuentes-vestira-de-grana\/\" \/>\n<meta property=\"og:locale\" content=\"es_ES\" \/>\n<meta property=\"og:type\" content=\"article\" \/>\n<meta property=\"og:title\" content=\"\u00a1Juanda Fuentes vestir\u00e1 de grana! - Gimn\u00e0stic de Tarragona SAD\" \/>\n<meta property=\"og:description\" content=\"Cedido por el FC Andorra hasta 30 de junio de 2026\" \/>\n<meta property=\"og:url\" content=\"https:\/\/gimnasticdetarragona.cat\/es\/juanda-fuentes-vestira-de-grana\/\" \/>\n<meta property=\"og:site_name\" content=\"Gimn\u00e0stic de Tarragona SAD\" \/>\n<meta property=\"article:published_time\" content=\"2025-07-24T17:00:44+00:00\" \/>\n<meta property=\"article:modified_time\" content=\"2025-07-24T17:07:34+00:00\" \/>\n<meta property=\"og:image\" content=\"https:\/\/gimnasticdetarragona.cat\/wp-content\/uploads\/2025\/07\/BENVINGUT-Sergio-Camus-copia.jpg\" \/>\n\t<meta property=\"og:image:width\" content=\"1281\" \/>\n\t<meta property=\"og:image:height\" content=\"1488\" \/>\n\t<meta property=\"og:image:type\" content=\"image\/jpeg\" \/>\n<meta name=\"author\" content=\"Comunicacion\" \/>\n<meta name=\"twitter:card\" content=\"summary_large_image\" \/>\n<meta name=\"twitter:creator\" content=\"@NASTICTARRAGONA\" \/>\n<meta name=\"twitter:site\" content=\"@NASTICTARRAGONA\" \/>\n<meta name=\"twitter:label1\" content=\"Escrito por\" \/>\n\t<meta name=\"twitter:data1\" content=\"Comunicacion\" \/>\n\t<meta name=\"twitter:label2\" content=\"Tiempo de lectura\" \/>\n\t<meta name=\"twitter:data2\" content=\"1 minuto\" \/>\n<script type=\"application\/ld+json\" class=\"yoast-schema-graph\">{\"@context\":\"https:\\\/\\\/schema.org\",\"@graph\":[{\"@type\":\"Article\",\"@id\":\"https:\\\/\\\/gimnasticdetarragona.cat\\\/es\\\/juanda-fuentes-vestira-de-grana\\\/#article\",\"isPartOf\":{\"@id\":\"https:\\\/\\\/gimnasticdetarragona.cat\\\/es\\\/juanda-fuentes-vestira-de-grana\\\/\"},\"author\":{\"name\":\"Comunicacion\",\"@id\":\"https:\\\/\\\/gimnasticdetarragona.cat\\\/es\\\/#\\\/schema\\\/person\\\/0a9b7103e7dd73640eb245c4aa4afb8d\"},\"headline\":\"\u00a1Juanda Fuentes vestir\u00e1 de grana!\",\"datePublished\":\"2025-07-24T17:00:44+00:00\",\"dateModified\":\"2025-07-24T17:07:34+00:00\",\"mainEntityOfPage\":{\"@id\":\"https:\\\/\\\/gimnasticdetarragona.cat\\\/es\\\/juanda-fuentes-vestira-de-grana\\\/\"},\"wordCount\":216,\"publisher\":{\"@id\":\"https:\\\/\\\/gimnasticdetarragona.cat\\\/es\\\/#organization\"},\"image\":{\"@id\":\"https:\\\/\\\/gimnasticdetarragona.cat\\\/es\\\/juanda-fuentes-vestira-de-grana\\\/#primaryimage\"},\"thumbnailUrl\":\"https:\\\/\\\/gimnasticdetarragona.cat\\\/wp-content\\\/uploads\\\/2025\\\/07\\\/BENVINGUT-Sergio-Camus-copia.jpg\",\"articleSection\":[\"Actualidad\",\"Primer Equipo\"],\"inLanguage\":\"es\"},{\"@type\":\"WebPage\",\"@id\":\"https:\\\/\\\/gimnasticdetarragona.cat\\\/es\\\/juanda-fuentes-vestira-de-grana\\\/\",\"url\":\"https:\\\/\\\/gimnasticdetarragona.cat\\\/es\\\/juanda-fuentes-vestira-de-grana\\\/\",\"name\":\"\u00a1Juanda Fuentes vestir\u00e1 de grana! - Gimn\u00e0stic de Tarragona SAD\",\"isPartOf\":{\"@id\":\"https:\\\/\\\/gimnasticdetarragona.cat\\\/es\\\/#website\"},\"primaryImageOfPage\":{\"@id\":\"https:\\\/\\\/gimnasticdetarragona.cat\\\/es\\\/juanda-fuentes-vestira-de-grana\\\/#primaryimage\"},\"image\":{\"@id\":\"https:\\\/\\\/gimnasticdetarragona.cat\\\/es\\\/juanda-fuentes-vestira-de-grana\\\/#primaryimage\"},\"thumbnailUrl\":\"https:\\\/\\\/gimnasticdetarragona.cat\\\/wp-content\\\/uploads\\\/2025\\\/07\\\/BENVINGUT-Sergio-Camus-copia.jpg\",\"datePublished\":\"2025-07-24T17:00:44+00:00\",\"dateModified\":\"2025-07-24T17:07:34+00:00\",\"breadcrumb\":{\"@id\":\"https:\\\/\\\/gimnasticdetarragona.cat\\\/es\\\/juanda-fuentes-vestira-de-grana\\\/#breadcrumb\"},\"inLanguage\":\"es\",\"potentialAction\":[{\"@type\":\"ReadAction\",\"target\":[\"https:\\\/\\\/gimnasticdetarragona.cat\\\/es\\\/juanda-fuentes-vestira-de-grana\\\/\"]}]},{\"@type\":\"ImageObject\",\"inLanguage\":\"es\",\"@id\":\"https:\\\/\\\/gimnasticdetarragona.cat\\\/es\\\/juanda-fuentes-vestira-de-grana\\\/#primaryimage\",\"url\":\"https:\\\/\\\/gimnasticdetarragona.cat\\\/wp-content\\\/uploads\\\/2025\\\/07\\\/BENVINGUT-Sergio-Camus-copia.jpg\",\"contentUrl\":\"https:\\\/\\\/gimnasticdetarragona.cat\\\/wp-content\\\/uploads\\\/2025\\\/07\\\/BENVINGUT-Sergio-Camus-copia.jpg\",\"width\":1281,\"height\":1488},{\"@type\":\"BreadcrumbList\",\"@id\":\"https:\\\/\\\/gimnasticdetarragona.cat\\\/es\\\/juanda-fuentes-vestira-de-grana\\\/#breadcrumb\",\"itemListElement\":[{\"@type\":\"ListItem\",\"position\":1,\"name\":\"Inici\",\"item\":\"https:\\\/\\\/gimnasticdetarragona.cat\\\/es\\\/nastic\\\/\"},{\"@type\":\"ListItem\",\"position\":2,\"name\":\"\u00a1Juanda Fuentes vestir\u00e1 de grana!\"}]},{\"@type\":\"WebSite\",\"@id\":\"https:\\\/\\\/gimnasticdetarragona.cat\\\/es\\\/#website\",\"url\":\"https:\\\/\\\/gimnasticdetarragona.cat\\\/es\\\/\",\"name\":\"Gimn\u00e0stic de Tarragona SAD\",\"description\":\"Gimn\u00e0stic de Tarragona\",\"publisher\":{\"@id\":\"https:\\\/\\\/gimnasticdetarragona.cat\\\/es\\\/#organization\"},\"potentialAction\":[{\"@type\":\"SearchAction\",\"target\":{\"@type\":\"EntryPoint\",\"urlTemplate\":\"https:\\\/\\\/gimnasticdetarragona.cat\\\/es\\\/?s={search_term_string}\"},\"query-input\":{\"@type\":\"PropertyValueSpecification\",\"valueRequired\":true,\"valueName\":\"search_term_string\"}}],\"inLanguage\":\"es\"},{\"@type\":\"Organization\",\"@id\":\"https:\\\/\\\/gimnasticdetarragona.cat\\\/es\\\/#organization\",\"name\":\"GIMN\u00c0STIC DE TARRAGONA\",\"alternateName\":\"N\u00c0STIC\",\"url\":\"https:\\\/\\\/gimnasticdetarragona.cat\\\/es\\\/\",\"logo\":{\"@type\":\"ImageObject\",\"inLanguage\":\"es\",\"@id\":\"https:\\\/\\\/gimnasticdetarragona.cat\\\/es\\\/#\\\/schema\\\/logo\\\/image\\\/\",\"url\":\"https:\\\/\\\/gimnasticdetarragona.cat\\\/wp-content\\\/uploads\\\/2022\\\/06\\\/cropped-logo-gimnastic.png\",\"contentUrl\":\"https:\\\/\\\/gimnasticdetarragona.cat\\\/wp-content\\\/uploads\\\/2022\\\/06\\\/cropped-logo-gimnastic.png\",\"width\":224,\"height\":83,\"caption\":\"GIMN\u00c0STIC DE TARRAGONA\"},\"image\":{\"@id\":\"https:\\\/\\\/gimnasticdetarragona.cat\\\/es\\\/#\\\/schema\\\/logo\\\/image\\\/\"},\"sameAs\":[\"https:\\\/\\\/x.com\\\/NASTICTARRAGONA\",\"https:\\\/\\\/www.instagram.com\\\/nastictarragona\\\/\"]},{\"@type\":\"Person\",\"@id\":\"https:\\\/\\\/gimnasticdetarragona.cat\\\/es\\\/#\\\/schema\\\/person\\\/0a9b7103e7dd73640eb245c4aa4afb8d\",\"name\":\"Comunicacion\"}]}<\/script>\n<!-- \/ Yoast SEO plugin. -->","yoast_head_json":{"title":"\u00a1Juanda Fuentes vestir\u00e1 de grana! - Gimn\u00e0stic de Tarragona SAD","robots":{"index":"index","follow":"follow","max-snippet":"max-snippet:-1","max-image-preview":"max-image-preview:large","max-video-preview":"max-video-preview:-1"},"canonical":"https:\/\/gimnasticdetarragona.cat\/es\/juanda-fuentes-vestira-de-grana\/","og_locale":"es_ES","og_type":"article","og_title":"\u00a1Juanda Fuentes vestir\u00e1 de grana! - Gimn\u00e0stic de Tarragona SAD","og_description":"Cedido por el FC Andorra hasta 30 de junio de 2026","og_url":"https:\/\/gimnasticdetarragona.cat\/es\/juanda-fuentes-vestira-de-grana\/","og_site_name":"Gimn\u00e0stic de Tarragona SAD","article_published_time":"2025-07-24T17:00:44+00:00","article_modified_time":"2025-07-24T17:07:34+00:00","og_image":[{"width":1281,"height":1488,"url":"https:\/\/gimnasticdetarragona.cat\/wp-content\/uploads\/2025\/07\/BENVINGUT-Sergio-Camus-copia.jpg","type":"image\/jpeg"}],"author":"Comunicacion","twitter_card":"summary_large_image","twitter_creator":"@NASTICTARRAGONA","twitter_site":"@NASTICTARRAGONA","twitter_misc":{"Escrito por":"Comunicacion","Tiempo de lectura":"1 minuto"},"schema":{"@context":"https:\/\/schema.org","@graph":[{"@type":"Article","@id":"https:\/\/gimnasticdetarragona.cat\/es\/juanda-fuentes-vestira-de-grana\/#article","isPartOf":{"@id":"https:\/\/gimnasticdetarragona.cat\/es\/juanda-fuentes-vestira-de-grana\/"},"author":{"name":"Comunicacion","@id":"https:\/\/gimnasticdetarragona.cat\/es\/#\/schema\/person\/0a9b7103e7dd73640eb245c4aa4afb8d"},"headline":"\u00a1Juanda Fuentes vestir\u00e1 de grana!","datePublished":"2025-07-24T17:00:44+00:00","dateModified":"2025-07-24T17:07:34+00:00","mainEntityOfPage":{"@id":"https:\/\/gimnasticdetarragona.cat\/es\/juanda-fuentes-vestira-de-grana\/"},"wordCount":216,"publisher":{"@id":"https:\/\/gimnasticdetarragona.cat\/es\/#organization"},"image":{"@id":"https:\/\/gimnasticdetarragona.cat\/es\/juanda-fuentes-vestira-de-grana\/#primaryimage"},"thumbnailUrl":"https:\/\/gimnasticdetarragona.cat\/wp-content\/uploads\/2025\/07\/BENVINGUT-Sergio-Camus-copia.jpg","articleSection":["Actualidad","Primer Equipo"],"inLanguage":"es"},{"@type":"WebPage","@id":"https:\/\/gimnasticdetarragona.cat\/es\/juanda-fuentes-vestira-de-grana\/","url":"https:\/\/gimnasticdetarragona.cat\/es\/juanda-fuentes-vestira-de-grana\/","name":"\u00a1Juanda Fuentes vestir\u00e1 de grana! - Gimn\u00e0stic de Tarragona SAD","isPartOf":{"@id":"https:\/\/gimnasticdetarragona.cat\/es\/#website"},"primaryImageOfPage":{"@id":"https:\/\/gimnasticdetarragona.cat\/es\/juanda-fuentes-vestira-de-grana\/#primaryimage"},"image":{"@id":"https:\/\/gimnasticdetarragona.cat\/es\/juanda-fuentes-vestira-de-grana\/#primaryimage"},"thumbnailUrl":"https:\/\/gimnasticdetarragona.cat\/wp-content\/uploads\/2025\/07\/BENVINGUT-Sergio-Camus-copia.jpg","datePublished":"2025-07-24T17:00:44+00:00","dateModified":"2025-07-24T17:07:34+00:00","breadcrumb":{"@id":"https:\/\/gimnasticdetarragona.cat\/es\/juanda-fuentes-vestira-de-grana\/#breadcrumb"},"inLanguage":"es","potentialAction":[{"@type":"ReadAction","target":["https:\/\/gimnasticdetarragona.cat\/es\/juanda-fuentes-vestira-de-grana\/"]}]},{"@type":"ImageObject","inLanguage":"es","@id":"https:\/\/gimnasticdetarragona.cat\/es\/juanda-fuentes-vestira-de-grana\/#primaryimage","url":"https:\/\/gimnasticdetarragona.cat\/wp-content\/uploads\/2025\/07\/BENVINGUT-Sergio-Camus-copia.jpg","contentUrl":"https:\/\/gimnasticdetarragona.cat\/wp-content\/uploads\/2025\/07\/BENVINGUT-Sergio-Camus-copia.jpg","width":1281,"height":1488},{"@type":"BreadcrumbList","@id":"https:\/\/gimnasticdetarragona.cat\/es\/juanda-fuentes-vestira-de-grana\/#breadcrumb","itemListElement":[{"@type":"ListItem","position":1,"name":"Inici","item":"https:\/\/gimnasticdetarragona.cat\/es\/nastic\/"},{"@type":"ListItem","position":2,"name":"\u00a1Juanda Fuentes vestir\u00e1 de grana!"}]},{"@type":"WebSite","@id":"https:\/\/gimnasticdetarragona.cat\/es\/#website","url":"https:\/\/gimnasticdetarragona.cat\/es\/","name":"Gimn\u00e0stic de Tarragona SAD","description":"Gimn\u00e0stic de Tarragona","publisher":{"@id":"https:\/\/gimnasticdetarragona.cat\/es\/#organization"},"potentialAction":[{"@type":"SearchAction","target":{"@type":"EntryPoint","urlTemplate":"https:\/\/gimnasticdetarragona.cat\/es\/?s={search_term_string}"},"query-input":{"@type":"PropertyValueSpecification","valueRequired":true,"valueName":"search_term_string"}}],"inLanguage":"es"},{"@type":"Organization","@id":"https:\/\/gimnasticdetarragona.cat\/es\/#organization","name":"GIMN\u00c0STIC DE TARRAGONA","alternateName":"N\u00c0STIC","url":"https:\/\/gimnasticdetarragona.cat\/es\/","logo":{"@type":"ImageObject","inLanguage":"es","@id":"https:\/\/gimnasticdetarragona.cat\/es\/#\/schema\/logo\/image\/","url":"https:\/\/gimnasticdetarragona.cat\/wp-content\/uploads\/2022\/06\/cropped-logo-gimnastic.png","contentUrl":"https:\/\/gimnasticdetarragona.cat\/wp-content\/uploads\/2022\/06\/cropped-logo-gimnastic.png","width":224,"height":83,"caption":"GIMN\u00c0STIC DE TARRAGONA"},"image":{"@id":"https:\/\/gimnasticdetarragona.cat\/es\/#\/schema\/logo\/image\/"},"sameAs":["https:\/\/x.com\/NASTICTARRAGONA","https:\/\/www.instagram.com\/nastictarragona\/"]},{"@type":"Person","@id":"https:\/\/gimnasticdetarragona.cat\/es\/#\/schema\/person\/0a9b7103e7dd73640eb245c4aa4afb8d","name":"Comunicacion"}]}},"_links":{"self":[{"href":"https:\/\/gimnasticdetarragona.cat\/es\/wp-json\/wp\/v2\/posts\/99718","targetHints":{"allow":["GET"]}}],"collection":[{"href":"https:\/\/gimnasticdetarragona.cat\/es\/wp-json\/wp\/v2\/posts"}],"about":[{"href":"https:\/\/gimnasticdetarragona.cat\/es\/wp-json\/wp\/v2\/types\/post"}],"author":[{"embeddable":true,"href":"https:\/\/gimnasticdetarragona.cat\/es\/wp-json\/wp\/v2\/users\/7"}],"replies":[{"embeddable":true,"href":"https:\/\/gimnasticdetarragona.cat\/es\/wp-json\/wp\/v2\/comments?post=99718"}],"version-history":[{"count":2,"href":"https:\/\/gimnasticdetarragona.cat\/es\/wp-json\/wp\/v2\/posts\/99718\/revisions"}],"predecessor-version":[{"id":99721,"href":"https:\/\/gimnasticdetarragona.cat\/es\/wp-json\/wp\/v2\/posts\/99718\/revisions\/99721"}],"wp:featuredmedia":[{"embeddable":true,"href":"https:\/\/gimnasticdetarragona.cat\/es\/wp-json\/wp\/v2\/media\/99717"}],"wp:attachment":[{"href":"https:\/\/gimnasticdetarragona.cat\/es\/wp-json\/wp\/v2\/media?parent=99718"}],"wp:term":[{"taxonomy":"category","embeddable":true,"href":"https:\/\/gimnasticdetarragona.cat\/es\/wp-json\/wp\/v2\/categories?post=99718"},{"taxonomy":"post_tag","embeddable":true,"href":"https:\/\/gimnasticdetarragona.cat\/es\/wp-json\/wp\/v2\/tags?post=99718"}],"curies":[{"name":"wp","href":"https:\/\/api.w.org\/{rel}","templated":true}]}}